{"id":4869,"date":"2017-08-29T22:58:00","date_gmt":"2017-08-30T01:58:00","guid":{"rendered":"http:\/\/blogdoedvaldomagalhaes.com.br\/index.php\/2017\/08\/29\/ministerio-publico-questiona-na-justica\/"},"modified":"2019-02-09T01:42:16","modified_gmt":"2019-02-09T03:42:16","slug":"ministerio-publico-questiona-na-justica","status":"publish","type":"post","link":"https:\/\/blogdoedvaldomagalhaes.com.br\/index.php\/2017\/08\/29\/ministerio-publico-questiona-na-justica\/","title":{"rendered":"Minist\u00e9rio P\u00fablico questiona na justi\u00e7a nomea\u00e7\u00f5es de cargos na prefeitura de Caruaru"},"content":{"rendered":"<div class=\"separator\" style=\"clear: both; text-align: center;\">\n<a href=\"https:\/\/1.bp.blogspot.com\/-BMhz0t9Dri4\/WaXxjcQ6EcI\/AAAAAAAAdNU\/x7g9TYdKGMIQC76XnKCL1agFKD7r0pwegCLcBGAs\/s1600\/pref.jpg\" imageanchor=\"1\" style=\"margin-left: 1em; margin-right: 1em;\"><img loading=\"lazy\" decoding=\"async\" border=\"0\" data-original-height=\"297\" data-original-width=\"495\" height=\"238\" src=\"http:\/\/blogdoedvaldomagalhaes.com.br\/wp-content\/uploads\/2017\/08\/pref-4.jpg\" width=\"400\" \/><\/a><\/div>\n<div class=\"separator\" style=\"clear: both; text-align: center;\">\n<\/div>\n<div class=\"separator\" style=\"clear: both; text-align: left;\">\nDo Blog do M\u00e1rio Fl\u00e1vio<\/div>\n<div class=\"MsoNormal\" style=\"text-align: justify;\">\n<\/div>\n<div class=\"MsoNormal\" style=\"text-align: justify;\">\nO Minist\u00e9rio P\u00fablico de<br \/>\nPernambuco (MPPE) ajuizou, por meio da Promotoria de Justi\u00e7a de Defesa do<br \/>\nPatrim\u00f4nio P\u00fablico de Caruaru, a\u00e7\u00e3o civil p\u00fablica com pedido de tutela de<br \/>\nurg\u00eancia requerendo que a Justi\u00e7a suspenda imediatamente os efeitos oriundos<br \/>\ndas Leis Municipais n\u00ba 5.843\/2017 e n\u00ba 5.844\/2017, que promoveram reforma<br \/>\nadministrativa do quadro funcional da Prefeitura de Caruaru, e dos artigos 11,<br \/>\n12, 13 e 14 do Decreto Municipal n\u00ba22\/2017, que descreve as atribui\u00e7\u00f5es dos<br \/>\ncargos comissionados criados a partir da referida reforma. <\/div>\n<div class=\"MsoNormal\" style=\"text-align: justify;\">\n<\/div>\n<div class=\"MsoNormal\" style=\"text-align: justify;\">\nCaso o Poder Judici\u00e1rio<br \/>\nacolha os pedidos do MPPE, a administra\u00e7\u00e3o municipal ficar\u00e1 impedida de<br \/>\nrealizar de novas nomea\u00e7\u00f5es para v\u00e1rios cargos em comiss\u00e3o criados por meio da<br \/>\nreforma administrativa.<\/div>\n<div class=\"MsoNormal\" style=\"text-align: justify;\">\n<\/div>\n<div class=\"MsoNormal\" style=\"text-align: justify;\">\nConforme apontou o promotor<br \/>\nde Justi\u00e7a Marcus Tieppo, no texto da a\u00e7\u00e3o, o pedido de medida cautelar<br \/>\najuizado pelo MPPE tem como fundamentos \u201cimpedir a viola\u00e7\u00e3o dos princ\u00edpios da<br \/>\nefici\u00eancia, moralidade, isonomia, razoabilidade e lealdade da administra\u00e7\u00e3o<br \/>\np\u00fablica, bem proteger o er\u00e1rio de poss\u00edveis demandas trabalhistas futuras,<br \/>\ndevido \u00e0s irregularidades presentes nos referidos textos legais\u201d, diz o texto. <\/div>\n<div class=\"MsoNormal\" style=\"text-align: justify;\">\n<\/div>\n<div class=\"MsoNormal\" style=\"text-align: justify;\">\nAl\u00e9m da propositura da a\u00e7\u00e3o,<br \/>\no promotor de Justi\u00e7a oficiou ao procurador-geral de Justi\u00e7a para propor uma<br \/>\na\u00e7\u00e3o de inconstitucionalidade das duas leis municipais.<\/div>\n<div class=\"MsoNormal\" style=\"text-align: justify;\">\n<\/div>\n<div class=\"MsoNormal\" style=\"text-align: justify;\">\nA primeira delas diz<br \/>\nrespeito \u00e0 Lei n\u00ba5.843\/2017, sancionada em 21 de mar\u00e7o, que criou 523 cargos em<br \/>\ncomiss\u00e3o e de livre nomea\u00e7\u00e3o. \u201cDiferentemente do que se propunha, a lei gerou<br \/>\num aumento na despesa p\u00fablica, com aumento substancial dos sal\u00e1rios dos<br \/>\ncomissionados e a grav\u00edssima cria\u00e7\u00e3o de cargos de gerentes, coordenadores,<br \/>\nassistentes e assessores sem qualquer descri\u00e7\u00e3o das atividades, de suas<br \/>\nnecessidades individuais e at\u00e9 mesmo do pr\u00e9-requisito para a investidura. \u00c9<br \/>\nimposs\u00edvel mensurar a necessidade de tal for\u00e7a de trabalho, e mesmo as<br \/>\natividades que os ocupantes dos cargos criados desempenhar\u00e3o, constituindo tal<br \/>\nnorma um cheque em branco para a administra\u00e7\u00e3o\u201d, alertou o promotor de Justi\u00e7a.<\/div>\n<div class=\"MsoNormal\" style=\"text-align: justify;\">\n<\/div>\n<div class=\"MsoNormal\" style=\"text-align: justify;\">\nNove dias ap\u00f3s a san\u00e7\u00e3o da<br \/>\nreferida lei, o Decreto n\u00ba 22\/2017 trouxe as atribui\u00e7\u00f5es dos cargos<br \/>\ncomissionados, que em sua maioria eram semelhantes \u00e0quelas designadas para os<br \/>\nocupantes de cargos efetivos. Tal medida, no entendimento do MPPE, sup\u00f5e<br \/>\npr\u00e1tica de viola\u00e7\u00e3o \u00e0 regra constitucional do concurso p\u00fablico.<\/div>\n<div class=\"MsoNormal\" style=\"text-align: justify;\">\n<\/div>\n<div class=\"MsoNormal\" style=\"text-align: justify;\">\n\u201cN\u00e3o resta d\u00favida que o<br \/>\nmunic\u00edpio precisa atender o clamor do cidad\u00e3o caruaruense e realizar concurso<br \/>\np\u00fablico, em vez de encher seus quadros com contratados tempor\u00e1rios e<br \/>\ncomissionados. N\u00e3o resta nem o argumento da economia aos cofres p\u00fablicos, uma<br \/>\nvez que os sal\u00e1rios propostos para os comissionados chegam a ser, em alguns<br \/>\ncasos, quatro vezes o dos servidores efetivos que desempenham as mesmas<br \/>\nfun\u00e7\u00f5es\u201d, detalhou Marcus Tieppo.<\/div>\n<div class=\"MsoNormal\" style=\"text-align: justify;\">\n<\/div>\n<div class=\"MsoNormal\" style=\"text-align: justify;\">\nA \u00faltima irregularidade<br \/>\napontada pelo MPPE diz respeito \u00e0 Lei n\u00ba5.844\/2017, que alterou alguns trechos<br \/>\nda lei anterior, criando e extinguindo cargos. \u201cO anexo \u00fanico da referida lei<br \/>\nlista cargos com atribui\u00e7\u00f5es id\u00eanticas e vencimentos diferentes, pondo em risco<br \/>\no patrim\u00f4nio p\u00fablico municipal por abrir a possibilidade de propositura de<br \/>\na\u00e7\u00f5es judiciais de equipara\u00e7\u00e3o de sal\u00e1rios. O levantamento feito pela<br \/>\nPromotoria de Defesa do Patrim\u00f4nio P\u00fablico apontou um total de 460 cargos que<br \/>\nviolam as regras da isonomia e do concurso p\u00fablico\u201d, diz o promotor.<\/div>\n<div class=\"MsoNormal\" style=\"text-align: justify;\">\n<\/div>\n<p><\/p>\n<div class=\"MsoNormal\" style=\"text-align: justify;\">\nNo m\u00eas de mar\u00e7o, o MPPE j\u00e1<br \/>\nhavia recomendado \u00e0 prefeita Raquel Lyra estabelecer crit\u00e9rios objetivos para a<br \/>\nnomea\u00e7\u00e3o e investidura nos cargos criados pela reforma administrativa.<\/div>\n","protected":false},"excerpt":{"rendered":"<p>Do Blog do M\u00e1rio Fl\u00e1vio O Minist\u00e9rio P\u00fablico de Pernambuco (MPPE) ajuizou, por meio da Promotoria de Justi\u00e7a de Defesa&hellip;<\/p>\n","protected":false},"author":1,"featured_media":0,"comment_status":"open","ping_status":"open","sticky":false,"template":"","format":"standard","meta":{"footnotes":""},"categories":[1],"tags":[2,3531,6236,3114,20],"class_list":["post-4869","post","type-post","status-publish","format-standard","hentry","category-sem-categoria","tag-blog-do-edvaldo-magalhaes","tag-marcus-tieppo","tag-ministerio-publico-questiona-na-justica-nomeacoes-de-cargos-na-prefeitura-de-caruaru","tag-noticias-da-politica-de-caruaru","tag-politica"],"_links":{"self":[{"href":"https:\/\/blogdoedvaldomagalhaes.com.br\/index.php\/wp-json\/wp\/v2\/posts\/4869","targetHints":{"allow":["GET"]}}],"collection":[{"href":"https:\/\/blogdoedvaldomagalhaes.com.br\/index.php\/wp-json\/wp\/v2\/posts"}],"about":[{"href":"https:\/\/blogdoedvaldomagalhaes.com.br\/index.php\/wp-json\/wp\/v2\/types\/post"}],"author":[{"embeddable":true,"href":"https:\/\/blogdoedvaldomagalhaes.com.br\/index.php\/wp-json\/wp\/v2\/users\/1"}],"replies":[{"embeddable":true,"href":"https:\/\/blogdoedvaldomagalhaes.com.br\/index.php\/wp-json\/wp\/v2\/comments?post=4869"}],"version-history":[{"count":1,"href":"https:\/\/blogdoedvaldomagalhaes.com.br\/index.php\/wp-json\/wp\/v2\/posts\/4869\/revisions"}],"predecessor-version":[{"id":23719,"href":"https:\/\/blogdoedvaldomagalhaes.com.br\/index.php\/wp-json\/wp\/v2\/posts\/4869\/revisions\/23719"}],"wp:attachment":[{"href":"https:\/\/blogdoedvaldomagalhaes.com.br\/index.php\/wp-json\/wp\/v2\/media?parent=4869"}],"wp:term":[{"taxonomy":"category","embeddable":true,"href":"https:\/\/blogdoedvaldomagalhaes.com.br\/index.php\/wp-json\/wp\/v2\/categories?post=4869"},{"taxonomy":"post_tag","embeddable":true,"href":"https:\/\/blogdoedvaldomagalhaes.com.br\/index.php\/wp-json\/wp\/v2\/tags?post=4869"}],"curies":[{"name":"wp","href":"https:\/\/api.w.org\/{rel}","templated":true}]}}