{"id":4867,"date":"2017-08-29T23:10:00","date_gmt":"2017-08-30T02:10:00","guid":{"rendered":"http:\/\/blogdoedvaldomagalhaes.com.br\/index.php\/2017\/08\/29\/tjpe-inaugura-diretoria-civel-regiona\/"},"modified":"2019-02-09T01:42:20","modified_gmt":"2019-02-09T03:42:20","slug":"tjpe-inaugura-diretoria-civel-regiona","status":"publish","type":"post","link":"https:\/\/blogdoedvaldomagalhaes.com.br\/index.php\/2017\/08\/29\/tjpe-inaugura-diretoria-civel-regiona\/","title":{"rendered":"TJPE inaugura Diretoria C\u00edvel Regional no Agreste do Estado"},"content":{"rendered":"<div class=\"separator\" style=\"clear: both; text-align: center;\">\n<a href=\"https:\/\/1.bp.blogspot.com\/-aW3ApvBLaMM\/WaX0Zv9p54I\/AAAAAAAAdNk\/wC1q-TS0g9g02avgpbVi4fg0Wohwa5EuQCLcBGAs\/s1600\/caruaru.jpg\" imageanchor=\"1\" style=\"margin-left: 1em; margin-right: 1em;\"><img loading=\"lazy\" decoding=\"async\" border=\"0\" data-original-height=\"375\" data-original-width=\"500\" height=\"300\" src=\"http:\/\/blogdoedvaldomagalhaes.com.br\/wp-content\/uploads\/2017\/08\/caruaru-1.jpg\" width=\"400\" \/><\/a><\/div>\n<div class=\"MsoNormal\" style=\"text-align: justify;\">\n<\/div>\n<div class=\"MsoNormal\" style=\"text-align: justify;\">\nO Tribunal de Justi\u00e7a de<br \/>\nPernambuco inaugura, nesta quarta-feira (30\/8), \u00e0s 11h, a Diretoria C\u00edvel<br \/>\nRegional do Agreste. A solenidade marca o in\u00edcio da realiza\u00e7\u00e3o dos atos de<br \/>\nsecretaria praticados em processos eletr\u00f4nicos que tramitam em cinco Varas<br \/>\nC\u00edveis da Comarca de Caruaru, duas varas C\u00edveis de Santa Cruz do Capibaribe,<br \/>\nal\u00e9m das Comarcas de Altinho e Ibirajuba.&nbsp;\n<\/div>\n<div class=\"MsoNormal\" style=\"text-align: justify;\">\n<\/div>\n<div class=\"MsoNormal\" style=\"text-align: justify;\">\nA Unidade vai atender \u00e0s<br \/>\ndemandas relativas \u00e0s a\u00e7\u00f5es que tramitam no sistema do Processo Judicial<br \/>\neletr\u00f4nico (PJe). Inicialmente, dez servidores ir\u00e3o atuar na produ\u00e7\u00e3o de<br \/>\nexpedientes como mandados, of\u00edcios, cartas precat\u00f3rias e alvar\u00e1s; intima\u00e7\u00f5es<br \/>\neletr\u00f4nicas e marca\u00e7\u00e3o de audi\u00eancias, dentre outras atividades inerentes ao<br \/>\nandamento das a\u00e7\u00f5es eletr\u00f4nicas. A perspectiva \u00e9 de que, at\u00e9 o final do ano, o<br \/>\nn\u00famero de pessoas atuando na Diretoria chegue a 20 servidores.<\/div>\n<div class=\"MsoNormal\" style=\"text-align: justify;\">\n<\/div>\n<div class=\"MsoNormal\" style=\"text-align: justify;\">\nA exemplo das Diretorias<br \/>\nC\u00edveis Regionais e da Diretoria de Fam\u00edlia que funcionam no Recife e das<br \/>\nDiretorias C\u00edveis de Olinda e Jaboat\u00e3o dos Guararapes, a instala\u00e7\u00e3o da nova<br \/>\nUnidade vai possibilitar maior celeridade no andamento processual das varas.<br \/>\nCom a iniciativa, ser\u00e1 poss\u00edvel aumentar a produtividade dos servidores, al\u00e9m<br \/>\nde trazer economia \u00e0 Institui\u00e7\u00e3o.<\/div>\n<div class=\"MsoNormal\" style=\"text-align: justify;\">\n<\/div>\n<div class=\"MsoNormal\" style=\"text-align: justify;\">\nCoordenador da Diretoria<br \/>\nC\u00edvel Regional do Agreste, o juiz Elias Soares fala sobre os avan\u00e7os<br \/>\nproporcionados pela novo m\u00e9todo de trabalho. \u201cA instala\u00e7\u00e3o da Diretoria se<br \/>\ntraduz em produtividade, efici\u00eancia e agilidade na presta\u00e7\u00e3o jurisdicional.<br \/>\nTrar\u00e1 ganhos para as serventias aderentes com a padroniza\u00e7\u00e3o de procedimentos,<br \/>\nuniformiza\u00e7\u00e3o de expedientes e produ\u00e7\u00e3o em escala, j\u00e1 que os servidores da diretoria<br \/>\ns\u00e3o especificamente treinados para lidar com o sistema do PJe, contribuindo<br \/>\npara a c\u00e9lere solu\u00e7\u00e3o das demandas judiciais\u201d, pontua. <\/div>\n<div class=\"MsoNormal\" style=\"text-align: justify;\">\n<\/div>\n<p><\/p>\n<div class=\"MsoNormal\" style=\"text-align: justify;\">\nFuturamente, 22 Comarcas<br \/>\nser\u00e3o atendidas pelo sistema de trabalho desenvolvido na Diretoria C\u00edvel<br \/>\nRegional do Agreste. A ades\u00e3o das Varas ser\u00e1 feita de maneira paulatina, de<br \/>\nacordo com a capacidade da Unidade e da quantidade de servidores. O atendimento<br \/>\nao p\u00fablico acontece das 9h \u00e0s 18h, em dois turnos, no F\u00f3rum Juiz Dem\u00f3stenes<br \/>\nBatista Veras, localizado na avenida Jos\u00e9 Flor\u00eancio Filho, bairro Maur\u00edcio de<br \/>\nNassau, em Caruaru.<\/div>\n","protected":false},"excerpt":{"rendered":"<p>O Tribunal de Justi\u00e7a de Pernambuco inaugura, nesta quarta-feira (30\/8), \u00e0s 11h, a Diretoria C\u00edvel Regional do Agreste. A solenidade&hellip;<\/p>\n","protected":false},"author":1,"featured_media":0,"comment_status":"open","ping_status":"open","sticky":false,"template":"","format":"standard","meta":{"footnotes":""},"categories":[1],"tags":[2,6,3140,6234],"class_list":["post-4867","post","type-post","status-publish","format-standard","hentry","category-sem-categoria","tag-blog-do-edvaldo-magalhaes","tag-noticias","tag-noticias-de-pernambuco","tag-tjpe-inaugura-diretoria-civel-regional-no-agreste-do-estado"],"_links":{"self":[{"href":"https:\/\/blogdoedvaldomagalhaes.com.br\/index.php\/wp-json\/wp\/v2\/posts\/4867","targetHints":{"allow":["GET"]}}],"collection":[{"href":"https:\/\/blogdoedvaldomagalhaes.com.br\/index.php\/wp-json\/wp\/v2\/posts"}],"about":[{"href":"https:\/\/blogdoedvaldomagalhaes.com.br\/index.php\/wp-json\/wp\/v2\/types\/post"}],"author":[{"embeddable":true,"href":"https:\/\/blogdoedvaldomagalhaes.com.br\/index.php\/wp-json\/wp\/v2\/users\/1"}],"replies":[{"embeddable":true,"href":"https:\/\/blogdoedvaldomagalhaes.com.br\/index.php\/wp-json\/wp\/v2\/comments?post=4867"}],"version-history":[{"count":1,"href":"https:\/\/blogdoedvaldomagalhaes.com.br\/index.php\/wp-json\/wp\/v2\/posts\/4867\/revisions"}],"predecessor-version":[{"id":23723,"href":"https:\/\/blogdoedvaldomagalhaes.com.br\/index.php\/wp-json\/wp\/v2\/posts\/4867\/revisions\/23723"}],"wp:attachment":[{"href":"https:\/\/blogdoedvaldomagalhaes.com.br\/index.php\/wp-json\/wp\/v2\/media?parent=4867"}],"wp:term":[{"taxonomy":"category","embeddable":true,"href":"https:\/\/blogdoedvaldomagalhaes.com.br\/index.php\/wp-json\/wp\/v2\/categories?post=4867"},{"taxonomy":"post_tag","embeddable":true,"href":"https:\/\/blogdoedvaldomagalhaes.com.br\/index.php\/wp-json\/wp\/v2\/tags?post=4867"}],"curies":[{"name":"wp","href":"https:\/\/api.w.org\/{rel}","templated":true}]}}