{"id":4866,"date":"2017-08-29T23:21:00","date_gmt":"2017-08-30T02:21:00","guid":{"rendered":"http:\/\/blogdoedvaldomagalhaes.com.br\/index.php\/2017\/08\/29\/prefeitura-de-caruaru-tem-estimativa-de\/"},"modified":"2019-02-09T01:42:21","modified_gmt":"2019-02-09T03:42:21","slug":"prefeitura-de-caruaru-tem-estimativa-de","status":"publish","type":"post","link":"https:\/\/blogdoedvaldomagalhaes.com.br\/index.php\/2017\/08\/29\/prefeitura-de-caruaru-tem-estimativa-de\/","title":{"rendered":"Prefeitura de Caruaru tem estimativa de or\u00e7amento de 1,2 bilh\u00e3o para 2018"},"content":{"rendered":"<div class=\"MsoNormal\" style=\"text-align: justify;\">\n<div class=\"separator\" style=\"clear: both; text-align: center;\">\n<a href=\"https:\/\/2.bp.blogspot.com\/-1BuukSmIucw\/WaX279zIu-I\/AAAAAAAAdNw\/4PjHiJ5m3VAN5Xuft2N_Pq3fRHmH572EwCLcBGAs\/s1600\/20170829_182009.jpg\" imageanchor=\"1\" style=\"margin-left: 1em; margin-right: 1em;\"><img loading=\"lazy\" decoding=\"async\" border=\"0\" data-original-height=\"900\" data-original-width=\"1600\" height=\"180\" src=\"http:\/\/blogdoedvaldomagalhaes.com.br\/wp-content\/uploads\/2017\/08\/20170829_182009.jpg\" width=\"320\" \/><\/a><\/div>\n<p>\nNa sess\u00e3o ordin\u00e1ria desta<br \/>\nter\u00e7a-feira (29) o Projeto de Lei de Diretrizes Or\u00e7ament\u00e1rias (LDO) para o ano de 2018, foi aprovado por unanimidade pelos 23 vereadores. O projeto foi discutido em audi\u00eancia p\u00fablica ocorrida<br \/>\nna \u00faltima semana, e, ap\u00f3s passar pelas comiss\u00f5es parlamentares, foi votado em<br \/>\n1\u00aa e 2\u00aa discuss\u00f5es. A LDO de 2018 recebeu tr\u00eas emendas dos vereadores Lula<br \/>\nT\u00f4rres (PDT), Tafarel (PRP) e Daniel Finizola (PT).<\/div>\n<div class=\"MsoNormal\" style=\"text-align: justify;\">\n<\/div>\n<div class=\"MsoNormal\" style=\"text-align: justify;\">\nPor determina\u00e7\u00e3o<br \/>\nconstitucional, o PL da LDO deve ser encaminhado para a Prefeitura para san\u00e7\u00e3o,<br \/>\nat\u00e9 o dia 31 de agosto de cada ano.<\/div>\n<div class=\"MsoNormal\" style=\"text-align: justify;\">\n<\/div>\n<div class=\"MsoNormal\" style=\"text-align: justify;\">\nO projeto de Lei de<br \/>\nDiretrizes Or\u00e7ament\u00e1rias, estabelece as metas e prioridades para as contas<br \/>\np\u00fablicas do pr\u00f3ximo ano, e orienta a elabora\u00e7\u00e3o do or\u00e7amento.<\/p>\n<p>Neste ano de 2017 a receita \u00e9 de R$ 1.080,720,00, e para 2018 a estimativa de&nbsp;receita \u00e9 de cerca de R$ 1.200.000.00 (Um bilh\u00e3o e duzentos milh\u00f5es de reais), que ser\u00e3o votados no Projeto de Lei Or\u00e7ament\u00e1ria Anual (LOA).<\/p><\/div>\n","protected":false},"excerpt":{"rendered":"<p>Na sess\u00e3o ordin\u00e1ria desta ter\u00e7a-feira (29) o Projeto de Lei de Diretrizes Or\u00e7ament\u00e1rias (LDO) para o ano de 2018, foi&hellip;<\/p>\n","protected":false},"author":1,"featured_media":0,"comment_status":"open","ping_status":"open","sticky":false,"template":"","format":"standard","meta":{"footnotes":""},"categories":[1],"tags":[6232,2,3114,20,6233],"class_list":["post-4866","post","type-post","status-publish","format-standard","hentry","category-sem-categoria","tag-2-bilhao-para-2018","tag-blog-do-edvaldo-magalhaes","tag-noticias-da-politica-de-caruaru","tag-politica","tag-prefeitura-de-caruaru-tem-estimativa-de-orcamento-de-1"],"_links":{"self":[{"href":"https:\/\/blogdoedvaldomagalhaes.com.br\/index.php\/wp-json\/wp\/v2\/posts\/4866","targetHints":{"allow":["GET"]}}],"collection":[{"href":"https:\/\/blogdoedvaldomagalhaes.com.br\/index.php\/wp-json\/wp\/v2\/posts"}],"about":[{"href":"https:\/\/blogdoedvaldomagalhaes.com.br\/index.php\/wp-json\/wp\/v2\/types\/post"}],"author":[{"embeddable":true,"href":"https:\/\/blogdoedvaldomagalhaes.com.br\/index.php\/wp-json\/wp\/v2\/users\/1"}],"replies":[{"embeddable":true,"href":"https:\/\/blogdoedvaldomagalhaes.com.br\/index.php\/wp-json\/wp\/v2\/comments?post=4866"}],"version-history":[{"count":1,"href":"https:\/\/blogdoedvaldomagalhaes.com.br\/index.php\/wp-json\/wp\/v2\/posts\/4866\/revisions"}],"predecessor-version":[{"id":23725,"href":"https:\/\/blogdoedvaldomagalhaes.com.br\/index.php\/wp-json\/wp\/v2\/posts\/4866\/revisions\/23725"}],"wp:attachment":[{"href":"https:\/\/blogdoedvaldomagalhaes.com.br\/index.php\/wp-json\/wp\/v2\/media?parent=4866"}],"wp:term":[{"taxonomy":"category","embeddable":true,"href":"https:\/\/blogdoedvaldomagalhaes.com.br\/index.php\/wp-json\/wp\/v2\/categories?post=4866"},{"taxonomy":"post_tag","embeddable":true,"href":"https:\/\/blogdoedvaldomagalhaes.com.br\/index.php\/wp-json\/wp\/v2\/tags?post=4866"}],"curies":[{"name":"wp","href":"https:\/\/api.w.org\/{rel}","templated":true}]}}