{"id":4865,"date":"2017-08-29T23:37:00","date_gmt":"2017-08-30T02:37:00","guid":{"rendered":"http:\/\/blogdoedvaldomagalhaes.com.br\/index.php\/2017\/08\/29\/transferencia-de-sulanqueiros-de\/"},"modified":"2019-02-09T01:42:22","modified_gmt":"2019-02-09T03:42:22","slug":"transferencia-de-sulanqueiros-de","status":"publish","type":"post","link":"https:\/\/blogdoedvaldomagalhaes.com.br\/index.php\/2017\/08\/29\/transferencia-de-sulanqueiros-de\/","title":{"rendered":"Transfer\u00eancia de sulanqueiros de estacionamento \u00e9 suspensa temporariamente em Caruaru"},"content":{"rendered":"<div class=\"separator\" style=\"clear: both; text-align: center;\">\n<a href=\"https:\/\/4.bp.blogspot.com\/-UvJipCDZZwQ\/WaX6iow4LSI\/AAAAAAAAdN8\/_g7lqXO9w54bUhB9kssNuNdypSvuEv21wCLcBGAs\/s1600\/foto.jpg\" imageanchor=\"1\" style=\"margin-left: 1em; margin-right: 1em;\"><img loading=\"lazy\" decoding=\"async\" border=\"0\" data-original-height=\"507\" data-original-width=\"900\" height=\"221\" src=\"http:\/\/blogdoedvaldomagalhaes.com.br\/wp-content\/uploads\/2017\/08\/foto-8.jpg\" width=\"400\" \/><\/a><\/div>\n<div class=\"MsoNormal\" style=\"text-align: justify;\">\n<\/div>\n<div class=\"MsoNormal\" style=\"text-align: justify;\">\nUma comiss\u00e3o de sulanqueiros<br \/>\nque vendem mercadorias no estacionamento da vi\u00fava, no Parque 18 de Maio, por<br \/>\ntr\u00e1s da Escola Felisberto de Carvalho, se reuniu com o secret\u00e1rio de Servi\u00e7os<br \/>\nUrbanos de Caruaru, Humberto Correia, na manh\u00e3 desta ter\u00e7a-feira (29), estiveram no encontro Eduardo Dantas, Andr\u00e9 Salgado, Edv\u00e2nia Lima, Wana Karla e Luciv\u00e2nia. Em<br \/>\npauta, a transfer\u00eancia das cerca de 150 pessoas que comercializam no local.<\/div>\n<div class=\"MsoNormal\" style=\"text-align: justify;\">\n<\/div>\n<div class=\"MsoNormal\" style=\"text-align: justify;\">\nDe acordo com o coordenador<br \/>\ndo Coletivo de Trabalhadores Aut\u00f4nomos (CTA), Eduardo Dantas, a retirada do<br \/>\npessoal est\u00e1 suspensa, pelo menos por enquanto. Em entrevista ao rep\u00f3rter<br \/>\nEdvaldo Magalh\u00e3es na R\u00e1dio Liberdade, ele disse que alternativas ser\u00e3o apresentadas \u00e0 Prefeitura<br \/>\npelos sulanqueiros.<\/div>\n","protected":false},"excerpt":{"rendered":"<p>Uma comiss\u00e3o de sulanqueiros que vendem mercadorias no estacionamento da vi\u00fava, no Parque 18 de Maio, por tr\u00e1s da Escola&hellip;<\/p>\n","protected":false},"author":1,"featured_media":0,"comment_status":"open","ping_status":"open","sticky":false,"template":"","format":"standard","meta":{"footnotes":""},"categories":[1],"tags":[2,6228,6229,6230,6,6231],"class_list":["post-4865","post","type-post","status-publish","format-standard","hentry","category-sem-categoria","tag-blog-do-edvaldo-magalhaes","tag-coletivo-de-trabalhadores-autonomos","tag-cta","tag-humberto-correia","tag-noticias","tag-transferencia-de-sulanqueiros-de-estacionamento-e-suspensa-temporariamente-em-caruaru"],"_links":{"self":[{"href":"https:\/\/blogdoedvaldomagalhaes.com.br\/index.php\/wp-json\/wp\/v2\/posts\/4865","targetHints":{"allow":["GET"]}}],"collection":[{"href":"https:\/\/blogdoedvaldomagalhaes.com.br\/index.php\/wp-json\/wp\/v2\/posts"}],"about":[{"href":"https:\/\/blogdoedvaldomagalhaes.com.br\/index.php\/wp-json\/wp\/v2\/types\/post"}],"author":[{"embeddable":true,"href":"https:\/\/blogdoedvaldomagalhaes.com.br\/index.php\/wp-json\/wp\/v2\/users\/1"}],"replies":[{"embeddable":true,"href":"https:\/\/blogdoedvaldomagalhaes.com.br\/index.php\/wp-json\/wp\/v2\/comments?post=4865"}],"version-history":[{"count":1,"href":"https:\/\/blogdoedvaldomagalhaes.com.br\/index.php\/wp-json\/wp\/v2\/posts\/4865\/revisions"}],"predecessor-version":[{"id":23727,"href":"https:\/\/blogdoedvaldomagalhaes.com.br\/index.php\/wp-json\/wp\/v2\/posts\/4865\/revisions\/23727"}],"wp:attachment":[{"href":"https:\/\/blogdoedvaldomagalhaes.com.br\/index.php\/wp-json\/wp\/v2\/media?parent=4865"}],"wp:term":[{"taxonomy":"category","embeddable":true,"href":"https:\/\/blogdoedvaldomagalhaes.com.br\/index.php\/wp-json\/wp\/v2\/categories?post=4865"},{"taxonomy":"post_tag","embeddable":true,"href":"https:\/\/blogdoedvaldomagalhaes.com.br\/index.php\/wp-json\/wp\/v2\/tags?post=4865"}],"curies":[{"name":"wp","href":"https:\/\/api.w.org\/{rel}","templated":true}]}}