{"id":4860,"date":"2017-08-30T10:56:00","date_gmt":"2017-08-30T13:56:00","guid":{"rendered":"http:\/\/blogdoedvaldomagalhaes.com.br\/index.php\/2017\/08\/30\/raquel-lyra-participa-de-encontro-de\/"},"modified":"2019-02-09T01:42:24","modified_gmt":"2019-02-09T03:42:24","slug":"raquel-lyra-participa-de-encontro-de","status":"publish","type":"post","link":"https:\/\/blogdoedvaldomagalhaes.com.br\/index.php\/2017\/08\/30\/raquel-lyra-participa-de-encontro-de\/","title":{"rendered":"Raquel Lyra participa de encontro de promo\u00e7\u00e3o aos direitos das crian\u00e7as e adolescentes em Caruaru"},"content":{"rendered":"<div style=\"background: white; text-align: justify;\">\n<div class=\"separator\" style=\"clear: both; text-align: center;\">\n<a href=\"https:\/\/3.bp.blogspot.com\/-EbqfunykSdc\/WaaZ3mrdMnI\/AAAAAAAAdQA\/_127WJVnXwsEg1VaNnd-ozLOJfk4uJkjACLcBGAs\/s1600\/lyra.jpg\" imageanchor=\"1\" style=\"margin-left: 1em; margin-right: 1em;\"><img loading=\"lazy\" decoding=\"async\" border=\"0\" data-original-height=\"1067\" data-original-width=\"1600\" height=\"266\" src=\"http:\/\/blogdoedvaldomagalhaes.com.br\/wp-content\/uploads\/2017\/08\/lyra.jpg\" width=\"400\" \/><\/a><\/div>\n<p><\/div>\n<div style=\"background: white; text-align: justify;\">\nO Sistema de Garantia de Defesa de Direitos da Crian\u00e7a e do Adolescente de Caruaru (SGDCA) realizou nesta segunda (28) e ter\u00e7a (29), dois eventos de promo\u00e7\u00e3o aos direitos das crian\u00e7as e adolescentes. Os encontros aconteceram no audit\u00f3rio do Senac do munic\u00edpio e foram promovidos pelo Conselho Municipal dos Direitos da Crian\u00e7a e do Adolescente e a Secretaria de Desenvolvimento Social e Direitos Humanos, em parceria com o Minist\u00e9rio P\u00fablico. Os Conselhos Tutelares de Caruaru tamb\u00e9m colaboraram apoiando as duas a\u00e7\u00f5es. <\/div>\n<div style=\"text-align: justify;\">\n<\/div>\n<div style=\"text-align: justify;\">\nNo primeiro dia de atividades, o Encontro com os Atores do SGDCA foi direcionado ao di\u00e1logo com profissionais do setor para discutir a qualidade do atendimento \u00e0 crian\u00e7as e adolescentes em diversas esferas p\u00fablicas. Foi o momento em que o professor de \u00c9tica Pr\u00e1tica e Sa\u00fade Coletiva da UFPE, Marcelo Pelizzoli, que \u00e9 tamb\u00e9m coordenador do N\u00facleo de Justi\u00e7a Restaurativa de Pernambuco, contribuiu com sua fala sobre a comunica\u00e7\u00e3o n\u00e3o violenta com crian\u00e7as e adolescentes em situa\u00e7\u00e3o de vulnerabilidade.<\/p>\n<\/div>\n<div style=\"text-align: justify;\">\n<div class=\"separator\" style=\"clear: both; text-align: center;\">\n<a href=\"https:\/\/3.bp.blogspot.com\/-3mFjObgw9yw\/Waa4GIF-NvI\/AAAAAAAAdQs\/WQCXs5XXgD4zpt1BLeuifhFzS5JXzRD8ACLcBGAs\/s1600\/pref.jpg\" imageanchor=\"1\" style=\"margin-left: 1em; margin-right: 1em;\"><img loading=\"lazy\" decoding=\"async\" border=\"0\" data-original-height=\"195\" data-original-width=\"300\" height=\"260\" src=\"http:\/\/blogdoedvaldomagalhaes.com.br\/wp-content\/uploads\/2017\/08\/pref-5.jpg\" width=\"400\" \/><\/a><\/div>\n<p><\/div>\n<div style=\"text-align: justify;\">\nNesta ter\u00e7a (29), foi a vez da professora da PUC-SP, Maria Stela Santos Graciani, abordar a Pedagogia Social e seus desafios na promo\u00e7\u00e3o de direitos e o secret\u00e1rio da SDSDH de Caruaru, Fernando Silva, promover um di\u00e1logo sobre os direitos fundamentais e a prote\u00e7\u00e3o integrada. Este que foi o II Semin\u00e1rio em Defesa Dos Direitos da Crian\u00e7a e do Adolescente de Caruaru reuniu mais de 400 profissionais de diversos setores voltados ao atendimento do p\u00fablico, entre eles, conselheiros tutelares, profissionais dos Cras e Creas. <\/div>\n<div style=\"text-align: justify;\">\n<\/div>\n<div style=\"text-align: justify;\">\nA prefeita de Caruaru, Raquel Lyra, esteve presente neste segundo dia e falou sobre o trabalho quem vem realizando junto \u00e0 gest\u00e3o p\u00fablica nesse sentido. \u201cA gente precisa olhar as crian\u00e7as e adolescentes de maneira integral e assim temos pensado dentro do governo, trabalhando a sa\u00fade, aproximando o desenvolvimento social de dentro da escola, pensando em como manter esse p\u00fablico de maneira adequada dentro da sala de aula, atrav\u00e9s do desenvolvimento do esporte, lazer, cultura. Tudo isso atrav\u00e9s de um acolhimento para que eles tenham vontade de ir \u00e0 escola, buscando a\u00e7\u00f5es que fa\u00e7am a diferen\u00e7a na vida desses meninos, declarou Raquel. <\/div>\n<div style=\"text-align: justify;\">\n<\/div>\n<div style=\"text-align: justify;\">\nO secret\u00e1rio de Desenvolvimento Social e Direitos Humanos de Caruaru, Fernando Silva, falou sobre a oportunidade de ter reunido um grupo de forte express\u00e3o no setor para o debate. \u201cFoi muito importante poder ter reunido esses profissionais para a gente fazer uma reflex\u00e3o do que j\u00e1 se conseguiu realizar de melhorias na qualidade de vida de crian\u00e7as e adolescentes, mas sobretudo, para que se possa avan\u00e7ar nesse percurso\u201d, declarou Fernando.<\/div>\n<div style=\"text-align: justify;\">\n<\/div>\n<div style=\"text-align: justify;\">\n\u201cO momento de hoje foi uma oportunidade da gente reencontrar com as pol\u00edticas p\u00fablicas, ouvir os operadores do sistema de direito e apresentar tamb\u00e9m ao munic\u00edpio um panorama de como est\u00e1 aqui o atendimento da crian\u00e7a e adolescente\u201d, informou a presidente do Conselho Municipal da Crian\u00e7a e do Adolescente de Caruaru, Ver\u00f4nica Silva.&nbsp;<\/div>\n<div style=\"text-align: justify;\">\n<\/div>\n<p><\/p>\n<div style=\"margin: 0px; text-align: justify;\">\nFotos: Arnaldo Felix<\/div>\n","protected":false},"excerpt":{"rendered":"<p>O Sistema de Garantia de Defesa de Direitos da Crian\u00e7a e do Adolescente de Caruaru (SGDCA) realizou nesta segunda (28)&hellip;<\/p>\n","protected":false},"author":1,"featured_media":0,"comment_status":"open","ping_status":"open","sticky":false,"template":"","format":"standard","meta":{"footnotes":""},"categories":[1],"tags":[2,20,6220],"class_list":["post-4860","post","type-post","status-publish","format-standard","hentry","category-sem-categoria","tag-blog-do-edvaldo-magalhaes","tag-politica","tag-raquel-lyra-participa-de-encontro-de-promocao-aos-direitos-das-criancas-e-adolescentes-em-caruaru"],"_links":{"self":[{"href":"https:\/\/blogdoedvaldomagalhaes.com.br\/index.php\/wp-json\/wp\/v2\/posts\/4860","targetHints":{"allow":["GET"]}}],"collection":[{"href":"https:\/\/blogdoedvaldomagalhaes.com.br\/index.php\/wp-json\/wp\/v2\/posts"}],"about":[{"href":"https:\/\/blogdoedvaldomagalhaes.com.br\/index.php\/wp-json\/wp\/v2\/types\/post"}],"author":[{"embeddable":true,"href":"https:\/\/blogdoedvaldomagalhaes.com.br\/index.php\/wp-json\/wp\/v2\/users\/1"}],"replies":[{"embeddable":true,"href":"https:\/\/blogdoedvaldomagalhaes.com.br\/index.php\/wp-json\/wp\/v2\/comments?post=4860"}],"version-history":[{"count":1,"href":"https:\/\/blogdoedvaldomagalhaes.com.br\/index.php\/wp-json\/wp\/v2\/posts\/4860\/revisions"}],"predecessor-version":[{"id":23749,"href":"https:\/\/blogdoedvaldomagalhaes.com.br\/index.php\/wp-json\/wp\/v2\/posts\/4860\/revisions\/23749"}],"wp:attachment":[{"href":"https:\/\/blogdoedvaldomagalhaes.com.br\/index.php\/wp-json\/wp\/v2\/media?parent=4860"}],"wp:term":[{"taxonomy":"category","embeddable":true,"href":"https:\/\/blogdoedvaldomagalhaes.com.br\/index.php\/wp-json\/wp\/v2\/categories?post=4860"},{"taxonomy":"post_tag","embeddable":true,"href":"https:\/\/blogdoedvaldomagalhaes.com.br\/index.php\/wp-json\/wp\/v2\/tags?post=4860"}],"curies":[{"name":"wp","href":"https:\/\/api.w.org\/{rel}","templated":true}]}}