{"id":4859,"date":"2017-08-30T13:04:00","date_gmt":"2017-08-30T16:04:00","guid":{"rendered":"http:\/\/blogdoedvaldomagalhaes.com.br\/index.php\/2017\/08\/30\/morre-no-hra-jovem-que-trocou-tiros-co\/"},"modified":"2019-02-09T01:42:24","modified_gmt":"2019-02-09T03:42:24","slug":"morre-no-hra-jovem-que-trocou-tiros-co","status":"publish","type":"post","link":"https:\/\/blogdoedvaldomagalhaes.com.br\/index.php\/2017\/08\/30\/morre-no-hra-jovem-que-trocou-tiros-co\/","title":{"rendered":"Morre no HRA jovem que trocou tiros com a pol\u00edcia em Caruaru"},"content":{"rendered":"<div class=\"separator\" style=\"clear: both; text-align: center;\">\n<a href=\"https:\/\/4.bp.blogspot.com\/-poKQuATil2c\/Waa3rmsXt2I\/AAAAAAAAdQo\/9gWjGJIRIAoaCMPgGUd87v3yQB9C4U0wACLcBGAs\/s1600\/hra.jpg\" imageanchor=\"1\" style=\"margin-left: 1em; margin-right: 1em;\"><img loading=\"lazy\" decoding=\"async\" border=\"0\" data-original-height=\"225\" data-original-width=\"300\" height=\"300\" src=\"http:\/\/blogdoedvaldomagalhaes.com.br\/wp-content\/uploads\/2017\/08\/hra-1.jpg\" width=\"400\" \/><\/a><\/div>\n<div class=\"MsoNormal\" style=\"text-align: justify;\">\n<\/div>\n<div class=\"MsoNormal\" style=\"text-align: justify;\">\nPedro Daniel Teixeira da<br \/>\nSilva, 18 anos, que foi baleado durante um troca de tiros com a PM no \u00faltimo<br \/>\ndia 20, no bairro Centen\u00e1rio. Estava internado e sobre custodia da policia,<br \/>\npor\u00e9m, nesta ter\u00e7a-feira (29), ele n\u00e3o resistiu aos ferimentos e veio a \u00f3bito.<\/div>\n<div class=\"MsoNormal\" style=\"text-align: justify;\">\n<\/div>\n<div class=\"MsoNormal\" style=\"text-align: justify;\">\nNa a\u00e7\u00e3o do dia 20, os<br \/>\npoliciais apreenderam uma espingarda calibre 32, uma por\u00e7\u00e3o de maconha e duas<br \/>\npedras de crack.<\/div>\n<div class=\"MsoNormal\" style=\"text-align: justify;\">\n<\/div>\n<p><\/p>\n<div class=\"MsoNormal\" style=\"text-align: justify;\">\nCom esta morte, sobe para 17<br \/>\no n\u00famero de homic\u00eddios em Caruaru no m\u00eas de agosto e para 192 em 2017.<\/div>\n","protected":false},"excerpt":{"rendered":"<p>Pedro Daniel Teixeira da Silva, 18 anos, que foi baleado durante um troca de tiros com a PM no \u00faltimo&hellip;<\/p>\n","protected":false},"author":1,"featured_media":0,"comment_status":"open","ping_status":"open","sticky":false,"template":"","format":"standard","meta":{"footnotes":""},"categories":[1],"tags":[2866,2,6219,13,4668],"class_list":["post-4859","post","type-post","status-publish","format-standard","hentry","category-sem-categoria","tag-bairro-centenario","tag-blog-do-edvaldo-magalhaes","tag-morre-no-hra-jovem-que-trocou-tiros-com-a-policia-em-caruaru","tag-policial","tag-ultimas-noticias-policiais"],"_links":{"self":[{"href":"https:\/\/blogdoedvaldomagalhaes.com.br\/index.php\/wp-json\/wp\/v2\/posts\/4859","targetHints":{"allow":["GET"]}}],"collection":[{"href":"https:\/\/blogdoedvaldomagalhaes.com.br\/index.php\/wp-json\/wp\/v2\/posts"}],"about":[{"href":"https:\/\/blogdoedvaldomagalhaes.com.br\/index.php\/wp-json\/wp\/v2\/types\/post"}],"author":[{"embeddable":true,"href":"https:\/\/blogdoedvaldomagalhaes.com.br\/index.php\/wp-json\/wp\/v2\/users\/1"}],"replies":[{"embeddable":true,"href":"https:\/\/blogdoedvaldomagalhaes.com.br\/index.php\/wp-json\/wp\/v2\/comments?post=4859"}],"version-history":[{"count":1,"href":"https:\/\/blogdoedvaldomagalhaes.com.br\/index.php\/wp-json\/wp\/v2\/posts\/4859\/revisions"}],"predecessor-version":[{"id":23751,"href":"https:\/\/blogdoedvaldomagalhaes.com.br\/index.php\/wp-json\/wp\/v2\/posts\/4859\/revisions\/23751"}],"wp:attachment":[{"href":"https:\/\/blogdoedvaldomagalhaes.com.br\/index.php\/wp-json\/wp\/v2\/media?parent=4859"}],"wp:term":[{"taxonomy":"category","embeddable":true,"href":"https:\/\/blogdoedvaldomagalhaes.com.br\/index.php\/wp-json\/wp\/v2\/categories?post=4859"},{"taxonomy":"post_tag","embeddable":true,"href":"https:\/\/blogdoedvaldomagalhaes.com.br\/index.php\/wp-json\/wp\/v2\/tags?post=4859"}],"curies":[{"name":"wp","href":"https:\/\/api.w.org\/{rel}","templated":true}]}}