{"id":48490,"date":"2019-11-19T13:40:34","date_gmt":"2019-11-19T16:40:34","guid":{"rendered":"http:\/\/blogdoedvaldomagalhaes.com.br\/?p=48490"},"modified":"2019-11-19T13:40:38","modified_gmt":"2019-11-19T16:40:38","slug":"tony-gel-pede-ao-governo-do-estado-recuperacao-de-rodovias-que-ligam-o-agreste-ao-litoral","status":"publish","type":"post","link":"https:\/\/blogdoedvaldomagalhaes.com.br\/index.php\/2019\/11\/19\/tony-gel-pede-ao-governo-do-estado-recuperacao-de-rodovias-que-ligam-o-agreste-ao-litoral\/","title":{"rendered":"Tony Gel pede ao Governo do Estado recupera\u00e7\u00e3o de rodovias que ligam o Agreste ao Litoral"},"content":{"rendered":"<p style=\"text-align: justify;\">As rodovias estaduais que ligam os munic\u00edpios do Agreste ao Litoral Sul de Pernambuco, especificamente as PEs 120, 126 e 96, precisam de a\u00e7\u00f5es urgentes de requalifica\u00e7\u00e3o. Nesta segunda-feira (18), o deputado estadual Tony Gel (MDB) usou a Tribuna da Assembleia Legislativa para pedir melhorias nessas rodovias ao governador Paulo C\u00e2mara, a secret\u00e1ria de Infraestrutura e Recursos H\u00eddricos, Fernanda Batista, e ao presidente do DER, Maur\u00edcio Canuto.<\/p>\n<p style=\"text-align: justify;\">O parlamentar destacou que as PEs est\u00e3o carecendo de requalifica\u00e7\u00e3o urgente, tendo em vista a situa\u00e7\u00e3o em que alguns trechos se encontram: com muitos buracos, sem sinaliza\u00e7\u00e3o e banqueta, levando s\u00e9rios riscos de acidentes.<\/p>\n<p style=\"text-align: justify;\">Tony Gel expressou a sua preocupa\u00e7\u00e3o com a situa\u00e7\u00e3o das rodovias e ressaltou que no trajeto s\u00e3o encontrados v\u00e1rios ve\u00edculos parados no que deveria ser o acostamento, com pneu furado e outros defeitos causados pelos buracos de grandes propor\u00e7\u00f5es. O deputado enfatizou que \u00e9 necess\u00e1rio e urgente que sejam tomadas provid\u00eancias, especialmente nesta \u00e9poca de ver\u00e3o, onde o tr\u00e1fego aumenta bastante nos finais de semana e no per\u00edodo das f\u00e9rias de dezembro e janeiro.<\/p>\n","protected":false},"excerpt":{"rendered":"<p>As rodovias estaduais que ligam os munic\u00edpios do Agreste ao Litoral Sul de Pernambuco, especificamente as PEs 120, 126 e&hellip;<\/p>\n","protected":false},"author":1,"featured_media":48491,"comment_status":"open","ping_status":"open","sticky":false,"template":"","format":"standard","meta":{"footnotes":""},"categories":[14122],"tags":[2,16629],"class_list":["post-48490","post","type-post","status-publish","format-standard","has-post-thumbnail","hentry","category-politica","tag-blog-do-edvaldo-magalhaes","tag-tony-gel-pede-ao-governo-do-estado-recuperacao-de-rodovias-que-ligam-o-agreste-ao-litoral"],"_links":{"self":[{"href":"https:\/\/blogdoedvaldomagalhaes.com.br\/index.php\/wp-json\/wp\/v2\/posts\/48490","targetHints":{"allow":["GET"]}}],"collection":[{"href":"https:\/\/blogdoedvaldomagalhaes.com.br\/index.php\/wp-json\/wp\/v2\/posts"}],"about":[{"href":"https:\/\/blogdoedvaldomagalhaes.com.br\/index.php\/wp-json\/wp\/v2\/types\/post"}],"author":[{"embeddable":true,"href":"https:\/\/blogdoedvaldomagalhaes.com.br\/index.php\/wp-json\/wp\/v2\/users\/1"}],"replies":[{"embeddable":true,"href":"https:\/\/blogdoedvaldomagalhaes.com.br\/index.php\/wp-json\/wp\/v2\/comments?post=48490"}],"version-history":[{"count":1,"href":"https:\/\/blogdoedvaldomagalhaes.com.br\/index.php\/wp-json\/wp\/v2\/posts\/48490\/revisions"}],"predecessor-version":[{"id":48492,"href":"https:\/\/blogdoedvaldomagalhaes.com.br\/index.php\/wp-json\/wp\/v2\/posts\/48490\/revisions\/48492"}],"wp:featuredmedia":[{"embeddable":true,"href":"https:\/\/blogdoedvaldomagalhaes.com.br\/index.php\/wp-json\/wp\/v2\/media\/48491"}],"wp:attachment":[{"href":"https:\/\/blogdoedvaldomagalhaes.com.br\/index.php\/wp-json\/wp\/v2\/media?parent=48490"}],"wp:term":[{"taxonomy":"category","embeddable":true,"href":"https:\/\/blogdoedvaldomagalhaes.com.br\/index.php\/wp-json\/wp\/v2\/categories?post=48490"},{"taxonomy":"post_tag","embeddable":true,"href":"https:\/\/blogdoedvaldomagalhaes.com.br\/index.php\/wp-json\/wp\/v2\/tags?post=48490"}],"curies":[{"name":"wp","href":"https:\/\/api.w.org\/{rel}","templated":true}]}}