{"id":48480,"date":"2019-11-18T23:15:06","date_gmt":"2019-11-19T02:15:06","guid":{"rendered":"http:\/\/blogdoedvaldomagalhaes.com.br\/?p=48480"},"modified":"2019-11-18T23:35:15","modified_gmt":"2019-11-19T02:35:15","slug":"adolescente-assassinado-a-tiros-em-caruaru-nesta-segunda-18","status":"publish","type":"post","link":"https:\/\/blogdoedvaldomagalhaes.com.br\/index.php\/2019\/11\/18\/adolescente-assassinado-a-tiros-em-caruaru-nesta-segunda-18\/","title":{"rendered":"Adolescente assassinado a tiros em Caruaru nesta segunda (18)"},"content":{"rendered":"\n<p>O homic\u00eddio foi registrado na rua Andr\u00e9 Luiz, no bairro Salgado, em Caruaru, na noite desta segunda-feira (18). A v\u00edtima foi Ivisson Constantino da Silva, de 16 anos de idade. <\/p>\n\n\n\n<p>Segundo Informa\u00e7\u00f5es, a v\u00edtima foi assassinada por v\u00e1rios disparos de arma de fogo, por dois indiv\u00edduos que estavam em uma motocicleta. <\/p>\n\n\n\n<p>O corpo ser\u00e1 encaminhado para o IML de Caruaru.<\/p>\n\n\n\n<p>Informa\u00e7\u00f5es e fotos: Kalebe Pereira\/Rep\u00f3rter.<\/p>\n\n\n\n<figure class=\"wp-block-image size-large\"><img loading=\"lazy\" decoding=\"async\" width=\"705\" height=\"945\" src=\"http:\/\/blogdoedvaldomagalhaes.com.br\/wp-content\/uploads\/2019\/11\/IMG-20191118-WA0151.jpg\" alt=\"\" class=\"wp-image-48487\" srcset=\"https:\/\/blogdoedvaldomagalhaes.com.br\/wp-content\/uploads\/2019\/11\/IMG-20191118-WA0151.jpg 705w, https:\/\/blogdoedvaldomagalhaes.com.br\/wp-content\/uploads\/2019\/11\/IMG-20191118-WA0151-224x300.jpg 224w\" sizes=\"auto, (max-width: 705px) 100vw, 705px\" \/><figcaption>Ivisson<\/figcaption><\/figure>\n","protected":false},"excerpt":{"rendered":"<p>O homic\u00eddio foi registrado na rua Andr\u00e9 Luiz, no bairro Salgado, em Caruaru, na noite desta segunda-feira (18). A v\u00edtima&hellip;<\/p>\n","protected":false},"author":1,"featured_media":48481,"comment_status":"open","ping_status":"open","sticky":false,"template":"","format":"standard","meta":{"footnotes":""},"categories":[14121],"tags":[16628,2],"class_list":["post-48480","post","type-post","status-publish","format-standard","has-post-thumbnail","hentry","category-policial","tag-adolescente-assassinado-a-tiros-em-caruaru-nesta-segunda-18","tag-blog-do-edvaldo-magalhaes"],"_links":{"self":[{"href":"https:\/\/blogdoedvaldomagalhaes.com.br\/index.php\/wp-json\/wp\/v2\/posts\/48480","targetHints":{"allow":["GET"]}}],"collection":[{"href":"https:\/\/blogdoedvaldomagalhaes.com.br\/index.php\/wp-json\/wp\/v2\/posts"}],"about":[{"href":"https:\/\/blogdoedvaldomagalhaes.com.br\/index.php\/wp-json\/wp\/v2\/types\/post"}],"author":[{"embeddable":true,"href":"https:\/\/blogdoedvaldomagalhaes.com.br\/index.php\/wp-json\/wp\/v2\/users\/1"}],"replies":[{"embeddable":true,"href":"https:\/\/blogdoedvaldomagalhaes.com.br\/index.php\/wp-json\/wp\/v2\/comments?post=48480"}],"version-history":[{"count":5,"href":"https:\/\/blogdoedvaldomagalhaes.com.br\/index.php\/wp-json\/wp\/v2\/posts\/48480\/revisions"}],"predecessor-version":[{"id":48489,"href":"https:\/\/blogdoedvaldomagalhaes.com.br\/index.php\/wp-json\/wp\/v2\/posts\/48480\/revisions\/48489"}],"wp:featuredmedia":[{"embeddable":true,"href":"https:\/\/blogdoedvaldomagalhaes.com.br\/index.php\/wp-json\/wp\/v2\/media\/48481"}],"wp:attachment":[{"href":"https:\/\/blogdoedvaldomagalhaes.com.br\/index.php\/wp-json\/wp\/v2\/media?parent=48480"}],"wp:term":[{"taxonomy":"category","embeddable":true,"href":"https:\/\/blogdoedvaldomagalhaes.com.br\/index.php\/wp-json\/wp\/v2\/categories?post=48480"},{"taxonomy":"post_tag","embeddable":true,"href":"https:\/\/blogdoedvaldomagalhaes.com.br\/index.php\/wp-json\/wp\/v2\/tags?post=48480"}],"curies":[{"name":"wp","href":"https:\/\/api.w.org\/{rel}","templated":true}]}}