{"id":48477,"date":"2019-11-18T21:33:17","date_gmt":"2019-11-19T00:33:17","guid":{"rendered":"http:\/\/blogdoedvaldomagalhaes.com.br\/?p=48477"},"modified":"2019-11-18T21:33:20","modified_gmt":"2019-11-19T00:33:20","slug":"central-contrata-goleiro-leo-para-a-temporada-2020","status":"publish","type":"post","link":"https:\/\/blogdoedvaldomagalhaes.com.br\/index.php\/2019\/11\/18\/central-contrata-goleiro-leo-para-a-temporada-2020\/","title":{"rendered":"Central contrata goleiro L\u00e9o para a temporada 2020"},"content":{"rendered":"<p style=\"text-align: justify;\">Leonardo Concei\u00e7\u00e3o de Souza, o L\u00e9o, 30 anos, chega ao Central Sport Club para a temporada 2020.<\/p>\n<p style=\"text-align: justify;\">O goleiro defendeu a meta de equipes do Nordeste, Sudeste e Norte do futebol nacional. Araripina\/PE, Sete de Setembro\/PE, Friburguense\/RJ e Atl\u00e9tico Cajazeiras\/PA est\u00e3o entre alguns desses clubes. No futebol baiano, L\u00e9o foi eleito o melhor goleiro do Estadual em 2015, atuando pelo Bahia de Feira, al\u00e9m de conquistar o t\u00edtulo da S\u00e9rie B do Campeonato Baiano pelo Jequi\u00e9, em 2017, quando tamb\u00e9m levou o pr\u00eamio de melhor goleiro da competi\u00e7\u00e3o. Em 2019, o jogador esteve no Fluminense de Feira\/BA.<\/p>\n<p style=\"text-align: justify;\">O novo pared\u00e3o do Agreste chega para desempenhar um grande trabalho no Maior do Interior, visando o Campeonato Pernambucano S\u00e9rie A1, e Campeonato Brasileiro da S\u00e9rie D.<\/p>\n<p style=\"text-align: justify;\">Informa\u00e7\u00f5es: Departamento de Comunica\u00e7\u00e3o do Central Sport Club.<\/p>\n","protected":false},"excerpt":{"rendered":"<p>Leonardo Concei\u00e7\u00e3o de Souza, o L\u00e9o, 30 anos, chega ao Central Sport Club para a temporada 2020. O goleiro defendeu&hellip;<\/p>\n","protected":false},"author":1,"featured_media":48478,"comment_status":"open","ping_status":"open","sticky":false,"template":"","format":"standard","meta":{"footnotes":""},"categories":[14124],"tags":[2,16627],"class_list":["post-48477","post","type-post","status-publish","format-standard","has-post-thumbnail","hentry","category-centralsc","tag-blog-do-edvaldo-magalhaes","tag-central-contrata-goleiro-leo-para-a-temporada-2020"],"_links":{"self":[{"href":"https:\/\/blogdoedvaldomagalhaes.com.br\/index.php\/wp-json\/wp\/v2\/posts\/48477","targetHints":{"allow":["GET"]}}],"collection":[{"href":"https:\/\/blogdoedvaldomagalhaes.com.br\/index.php\/wp-json\/wp\/v2\/posts"}],"about":[{"href":"https:\/\/blogdoedvaldomagalhaes.com.br\/index.php\/wp-json\/wp\/v2\/types\/post"}],"author":[{"embeddable":true,"href":"https:\/\/blogdoedvaldomagalhaes.com.br\/index.php\/wp-json\/wp\/v2\/users\/1"}],"replies":[{"embeddable":true,"href":"https:\/\/blogdoedvaldomagalhaes.com.br\/index.php\/wp-json\/wp\/v2\/comments?post=48477"}],"version-history":[{"count":1,"href":"https:\/\/blogdoedvaldomagalhaes.com.br\/index.php\/wp-json\/wp\/v2\/posts\/48477\/revisions"}],"predecessor-version":[{"id":48479,"href":"https:\/\/blogdoedvaldomagalhaes.com.br\/index.php\/wp-json\/wp\/v2\/posts\/48477\/revisions\/48479"}],"wp:featuredmedia":[{"embeddable":true,"href":"https:\/\/blogdoedvaldomagalhaes.com.br\/index.php\/wp-json\/wp\/v2\/media\/48478"}],"wp:attachment":[{"href":"https:\/\/blogdoedvaldomagalhaes.com.br\/index.php\/wp-json\/wp\/v2\/media?parent=48477"}],"wp:term":[{"taxonomy":"category","embeddable":true,"href":"https:\/\/blogdoedvaldomagalhaes.com.br\/index.php\/wp-json\/wp\/v2\/categories?post=48477"},{"taxonomy":"post_tag","embeddable":true,"href":"https:\/\/blogdoedvaldomagalhaes.com.br\/index.php\/wp-json\/wp\/v2\/tags?post=48477"}],"curies":[{"name":"wp","href":"https:\/\/api.w.org\/{rel}","templated":true}]}}