{"id":48474,"date":"2019-11-18T20:11:00","date_gmt":"2019-11-18T23:11:00","guid":{"rendered":"http:\/\/blogdoedvaldomagalhaes.com.br\/?p=48474"},"modified":"2019-11-18T20:11:02","modified_gmt":"2019-11-18T23:11:02","slug":"veiculo-toyota-bandeirante-derruba-muro-de-colegio-em-caruaru","status":"publish","type":"post","link":"https:\/\/blogdoedvaldomagalhaes.com.br\/index.php\/2019\/11\/18\/veiculo-toyota-bandeirante-derruba-muro-de-colegio-em-caruaru\/","title":{"rendered":"Ve\u00edculo Toyota Bandeirante derruba muro de col\u00e9gio em Caruaru"},"content":{"rendered":"<p style=\"text-align: justify;\">Um ve\u00edculo Toyota Bandeirante colidiu no muro do Col\u00e9gio Estadual Nelson Barbalho, na Avenida Dom Bosco, bairro Maur\u00edcio de Nassau, na noite desta segunda-feira (18). Parte do muro atingido caiu. De acordo com o motorista, o carro ficou sem freio. N\u00e3o houve feridos.<\/p>\n<p>Por Helenivaldo Pereira.<\/p>\n","protected":false},"excerpt":{"rendered":"<p>Um ve\u00edculo Toyota Bandeirante colidiu no muro do Col\u00e9gio Estadual Nelson Barbalho, na Avenida Dom Bosco, bairro Maur\u00edcio de Nassau,&hellip;<\/p>\n","protected":false},"author":1,"featured_media":48475,"comment_status":"open","ping_status":"open","sticky":false,"template":"","format":"standard","meta":{"footnotes":""},"categories":[14120],"tags":[2,16626],"class_list":["post-48474","post","type-post","status-publish","format-standard","has-post-thumbnail","hentry","category-noticias","tag-blog-do-edvaldo-magalhaes","tag-veiculo-toyota-bandeirante-derruba-muro-de-colegio-em-caruaru"],"_links":{"self":[{"href":"https:\/\/blogdoedvaldomagalhaes.com.br\/index.php\/wp-json\/wp\/v2\/posts\/48474","targetHints":{"allow":["GET"]}}],"collection":[{"href":"https:\/\/blogdoedvaldomagalhaes.com.br\/index.php\/wp-json\/wp\/v2\/posts"}],"about":[{"href":"https:\/\/blogdoedvaldomagalhaes.com.br\/index.php\/wp-json\/wp\/v2\/types\/post"}],"author":[{"embeddable":true,"href":"https:\/\/blogdoedvaldomagalhaes.com.br\/index.php\/wp-json\/wp\/v2\/users\/1"}],"replies":[{"embeddable":true,"href":"https:\/\/blogdoedvaldomagalhaes.com.br\/index.php\/wp-json\/wp\/v2\/comments?post=48474"}],"version-history":[{"count":1,"href":"https:\/\/blogdoedvaldomagalhaes.com.br\/index.php\/wp-json\/wp\/v2\/posts\/48474\/revisions"}],"predecessor-version":[{"id":48476,"href":"https:\/\/blogdoedvaldomagalhaes.com.br\/index.php\/wp-json\/wp\/v2\/posts\/48474\/revisions\/48476"}],"wp:featuredmedia":[{"embeddable":true,"href":"https:\/\/blogdoedvaldomagalhaes.com.br\/index.php\/wp-json\/wp\/v2\/media\/48475"}],"wp:attachment":[{"href":"https:\/\/blogdoedvaldomagalhaes.com.br\/index.php\/wp-json\/wp\/v2\/media?parent=48474"}],"wp:term":[{"taxonomy":"category","embeddable":true,"href":"https:\/\/blogdoedvaldomagalhaes.com.br\/index.php\/wp-json\/wp\/v2\/categories?post=48474"},{"taxonomy":"post_tag","embeddable":true,"href":"https:\/\/blogdoedvaldomagalhaes.com.br\/index.php\/wp-json\/wp\/v2\/tags?post=48474"}],"curies":[{"name":"wp","href":"https:\/\/api.w.org\/{rel}","templated":true}]}}