{"id":48471,"date":"2019-11-18T17:44:45","date_gmt":"2019-11-18T20:44:45","guid":{"rendered":"http:\/\/blogdoedvaldomagalhaes.com.br\/?p=48471"},"modified":"2019-11-18T17:44:50","modified_gmt":"2019-11-18T20:44:50","slug":"meio-campista-campeao-do-sul-americano-sub-20-e-contratado-pelo-central","status":"publish","type":"post","link":"https:\/\/blogdoedvaldomagalhaes.com.br\/index.php\/2019\/11\/18\/meio-campista-campeao-do-sul-americano-sub-20-e-contratado-pelo-central\/","title":{"rendered":"Meio-campista campe\u00e3o do Sul-Americano Sub-20 \u00e9 contratado pelo Central"},"content":{"rendered":"<p style=\"text-align: justify;\"><span style=\"font-size: inherit;\">Danilo Ver\u00f3n Bairros, o Danilinho, 32 anos, chega ao Central Sport Club para a temporada 2020.<\/span><\/p>\n<p style=\"text-align: justify;\">O meia direita tem vasta experi\u00eancia no futebol brasileiro e em especial, no futebol mexicano. Danilinho vestiu a camisa do Am\u00e9rica\/SP, Mirassol\/SP, Santos\/SP, Atl\u00e9tico\/MG e Fluminense\/RJ, Vit\u00f3ria\/BA, entre outros times nacionais. Fora do Brasil, o jogador atuou no Jaguares, Tigres, Quer\u00e9taro, Chiapas e Correcaminos, sendo todas essas equipes, do M\u00e9xico. O \u00faltimo clube do meio-campista foi o CRB\/AL.<\/p>\n<p style=\"text-align: justify;\">Danilinho tamb\u00e9m jogou na Sele\u00e7\u00e3o Brasileira em 2007, e levantou a ta\u00e7a do Sul-Americano Sub-20, realizado no Paraguai. Al\u00e9m do t\u00edtulo com o Brasil, o jogador traz na bagagem, dois campeonatos mineiros e um Brasileir\u00e3o da S\u00e9rie B pelo Galo de Minas, al\u00e9m de duas conquistas da Liga Mexicana, torneio Cl\u00e1usula e Apertura.<\/p>\n<p style=\"text-align: justify;\">A chegada do experiente meia direita representa para o Alvinegro Caruaruense, uma nova perspectiva de grandes resultados no Campeonato Pernambucano S\u00e9rie A1, e Brasileir\u00e3o S\u00e9rie D em 2020.<\/p>\n<p style=\"text-align: justify;\">Informa\u00e7\u00f5es: Departamento de Comunica\u00e7\u00e3o do Central Sport Club.<\/p>\n","protected":false},"excerpt":{"rendered":"<p>Danilo Ver\u00f3n Bairros, o Danilinho, 32 anos, chega ao Central Sport Club para a temporada 2020. O meia direita tem&hellip;<\/p>\n","protected":false},"author":1,"featured_media":48472,"comment_status":"open","ping_status":"open","sticky":false,"template":"","format":"standard","meta":{"footnotes":""},"categories":[14124],"tags":[2,16625],"class_list":["post-48471","post","type-post","status-publish","format-standard","has-post-thumbnail","hentry","category-centralsc","tag-blog-do-edvaldo-magalhaes","tag-meio-campista-campeao-do-sul-americano-sub-20-chega-e-contratado-pelo-central"],"_links":{"self":[{"href":"https:\/\/blogdoedvaldomagalhaes.com.br\/index.php\/wp-json\/wp\/v2\/posts\/48471","targetHints":{"allow":["GET"]}}],"collection":[{"href":"https:\/\/blogdoedvaldomagalhaes.com.br\/index.php\/wp-json\/wp\/v2\/posts"}],"about":[{"href":"https:\/\/blogdoedvaldomagalhaes.com.br\/index.php\/wp-json\/wp\/v2\/types\/post"}],"author":[{"embeddable":true,"href":"https:\/\/blogdoedvaldomagalhaes.com.br\/index.php\/wp-json\/wp\/v2\/users\/1"}],"replies":[{"embeddable":true,"href":"https:\/\/blogdoedvaldomagalhaes.com.br\/index.php\/wp-json\/wp\/v2\/comments?post=48471"}],"version-history":[{"count":1,"href":"https:\/\/blogdoedvaldomagalhaes.com.br\/index.php\/wp-json\/wp\/v2\/posts\/48471\/revisions"}],"predecessor-version":[{"id":48473,"href":"https:\/\/blogdoedvaldomagalhaes.com.br\/index.php\/wp-json\/wp\/v2\/posts\/48471\/revisions\/48473"}],"wp:featuredmedia":[{"embeddable":true,"href":"https:\/\/blogdoedvaldomagalhaes.com.br\/index.php\/wp-json\/wp\/v2\/media\/48472"}],"wp:attachment":[{"href":"https:\/\/blogdoedvaldomagalhaes.com.br\/index.php\/wp-json\/wp\/v2\/media?parent=48471"}],"wp:term":[{"taxonomy":"category","embeddable":true,"href":"https:\/\/blogdoedvaldomagalhaes.com.br\/index.php\/wp-json\/wp\/v2\/categories?post=48471"},{"taxonomy":"post_tag","embeddable":true,"href":"https:\/\/blogdoedvaldomagalhaes.com.br\/index.php\/wp-json\/wp\/v2\/tags?post=48471"}],"curies":[{"name":"wp","href":"https:\/\/api.w.org\/{rel}","templated":true}]}}