{"id":48467,"date":"2019-11-18T17:21:27","date_gmt":"2019-11-18T20:21:27","guid":{"rendered":"http:\/\/blogdoedvaldomagalhaes.com.br\/?p=48467"},"modified":"2019-11-18T17:21:30","modified_gmt":"2019-11-18T20:21:30","slug":"procon-caruaru-realiza-mutirao-com-foco-em-negociacao-de-dividas-nesta-semana","status":"publish","type":"post","link":"https:\/\/blogdoedvaldomagalhaes.com.br\/index.php\/2019\/11\/18\/procon-caruaru-realiza-mutirao-com-foco-em-negociacao-de-dividas-nesta-semana\/","title":{"rendered":"PROCON Caruaru realiza mutir\u00e3o com foco em negocia\u00e7\u00e3o de d\u00edvidas nesta semana"},"content":{"rendered":"<p style=\"text-align: justify;\"><span style=\"font-size: inherit;\">O Programa de Orienta\u00e7\u00e3o e Prote\u00e7\u00e3o ao Consumidor (PROCON) de Caruaru realiza entre os dias 18 e 22 de novembro um mutir\u00e3o de negocia\u00e7\u00e3o de d\u00edvidas junto \u00e0s instituic\u0327\u00f5es financeiras (bancos, financeiras e administradoras de cart\u00e3o de cr\u00e9dito), CELPE, COMPESA, Telefonias(CLARO, TIM, OI e VIVO) e IPTU.<\/span><\/p>\n<p style=\"text-align: justify;\">O mutir\u00e3o tem como objetivo de promover aos consumidores caruaruenses, melhores condic\u0327\u00f5es para quitac\u0327\u00e3o dos seus d\u00e9bitos junto \u00e0s instituic\u0327\u00f5es participantes. A a\u00e7\u00e3o vai ocorrer na sede do \u00f3rg\u00e3o, na Av. Rio Branco, 315, no centro da cidade, das 8h \u00e0s 12h e das 13h \u00e0s 17h.<\/p>\n","protected":false},"excerpt":{"rendered":"<p>O Programa de Orienta\u00e7\u00e3o e Prote\u00e7\u00e3o ao Consumidor (PROCON) de Caruaru realiza entre os dias 18 e 22 de novembro&hellip;<\/p>\n","protected":false},"author":1,"featured_media":48468,"comment_status":"open","ping_status":"open","sticky":false,"template":"","format":"standard","meta":{"footnotes":""},"categories":[14120],"tags":[2,16624],"class_list":["post-48467","post","type-post","status-publish","format-standard","has-post-thumbnail","hentry","category-noticias","tag-blog-do-edvaldo-magalhaes","tag-procon-caruaru-realiza-mutirao-com-foco-em-negociacao-de-dividas-nesta-semana"],"_links":{"self":[{"href":"https:\/\/blogdoedvaldomagalhaes.com.br\/index.php\/wp-json\/wp\/v2\/posts\/48467","targetHints":{"allow":["GET"]}}],"collection":[{"href":"https:\/\/blogdoedvaldomagalhaes.com.br\/index.php\/wp-json\/wp\/v2\/posts"}],"about":[{"href":"https:\/\/blogdoedvaldomagalhaes.com.br\/index.php\/wp-json\/wp\/v2\/types\/post"}],"author":[{"embeddable":true,"href":"https:\/\/blogdoedvaldomagalhaes.com.br\/index.php\/wp-json\/wp\/v2\/users\/1"}],"replies":[{"embeddable":true,"href":"https:\/\/blogdoedvaldomagalhaes.com.br\/index.php\/wp-json\/wp\/v2\/comments?post=48467"}],"version-history":[{"count":1,"href":"https:\/\/blogdoedvaldomagalhaes.com.br\/index.php\/wp-json\/wp\/v2\/posts\/48467\/revisions"}],"predecessor-version":[{"id":48469,"href":"https:\/\/blogdoedvaldomagalhaes.com.br\/index.php\/wp-json\/wp\/v2\/posts\/48467\/revisions\/48469"}],"wp:featuredmedia":[{"embeddable":true,"href":"https:\/\/blogdoedvaldomagalhaes.com.br\/index.php\/wp-json\/wp\/v2\/media\/48468"}],"wp:attachment":[{"href":"https:\/\/blogdoedvaldomagalhaes.com.br\/index.php\/wp-json\/wp\/v2\/media?parent=48467"}],"wp:term":[{"taxonomy":"category","embeddable":true,"href":"https:\/\/blogdoedvaldomagalhaes.com.br\/index.php\/wp-json\/wp\/v2\/categories?post=48467"},{"taxonomy":"post_tag","embeddable":true,"href":"https:\/\/blogdoedvaldomagalhaes.com.br\/index.php\/wp-json\/wp\/v2\/tags?post=48467"}],"curies":[{"name":"wp","href":"https:\/\/api.w.org\/{rel}","templated":true}]}}