{"id":48461,"date":"2019-11-18T14:55:58","date_gmt":"2019-11-18T17:55:58","guid":{"rendered":"http:\/\/blogdoedvaldomagalhaes.com.br\/?p=48461"},"modified":"2019-11-18T14:56:01","modified_gmt":"2019-11-18T17:56:01","slug":"evento-beneficente-tera-palestra-do-jornalista-alexandre-farias-em-caruaru","status":"publish","type":"post","link":"https:\/\/blogdoedvaldomagalhaes.com.br\/index.php\/2019\/11\/18\/evento-beneficente-tera-palestra-do-jornalista-alexandre-farias-em-caruaru\/","title":{"rendered":"Evento beneficente ter\u00e1 palestra do jornalista Alexandre Farias em Caruaru"},"content":{"rendered":"<p style=\"text-align: justify;\"><span style=\"font-size: inherit;\">O jornalista Alexandre Farias participa de um evento beneficente no dia 6 de dezembro, em Caruaru. Ele vai trazer para a cidade o conte\u00fado da palestra &#8220;A Vida Venceu&#8221;, que contar\u00e1 com a participa\u00e7\u00e3o do Coral S\u00e3o Jos\u00e9.<\/span><\/p>\n<p style=\"text-align: justify;\">A a\u00e7\u00e3o quer arrecadar alimentos para cestas b\u00e1sicas que ser\u00e3o destinadas ao Natal das fam\u00edlias carentes assistidas pela Par\u00f3quia S\u00e3o Jos\u00e9. Alexandre Farias vai falar sobre como est\u00e1 encarando a vida ap\u00f3s ser atingido por uma bala perdida no dia 16 de setembro de 2017 em Caruaru e sobre como usa a f\u00e9 para evoluir a cada dia.<\/p>\n<p style=\"text-align: justify;\">O evento &#8220;A Vida Venceu&#8221; acontece no audit\u00f3rio da Fafica, a partir das 20h. O p\u00fablico precisa doar apenas dois quilos de alimentos para participar. As inscri\u00e7\u00f5es est\u00e3o sendo realizadas atrav\u00e9s do site: sympla.com.br<\/p>\n","protected":false},"excerpt":{"rendered":"<p>O jornalista Alexandre Farias participa de um evento beneficente no dia 6 de dezembro, em Caruaru. Ele vai trazer para&hellip;<\/p>\n","protected":false},"author":1,"featured_media":48462,"comment_status":"open","ping_status":"open","sticky":false,"template":"","format":"standard","meta":{"footnotes":""},"categories":[14120],"tags":[2,16620],"class_list":["post-48461","post","type-post","status-publish","format-standard","has-post-thumbnail","hentry","category-noticias","tag-blog-do-edvaldo-magalhaes","tag-evento-beneficente-tera-palestra-do-jornalista-alexandre-farias-em-caruaru"],"_links":{"self":[{"href":"https:\/\/blogdoedvaldomagalhaes.com.br\/index.php\/wp-json\/wp\/v2\/posts\/48461","targetHints":{"allow":["GET"]}}],"collection":[{"href":"https:\/\/blogdoedvaldomagalhaes.com.br\/index.php\/wp-json\/wp\/v2\/posts"}],"about":[{"href":"https:\/\/blogdoedvaldomagalhaes.com.br\/index.php\/wp-json\/wp\/v2\/types\/post"}],"author":[{"embeddable":true,"href":"https:\/\/blogdoedvaldomagalhaes.com.br\/index.php\/wp-json\/wp\/v2\/users\/1"}],"replies":[{"embeddable":true,"href":"https:\/\/blogdoedvaldomagalhaes.com.br\/index.php\/wp-json\/wp\/v2\/comments?post=48461"}],"version-history":[{"count":1,"href":"https:\/\/blogdoedvaldomagalhaes.com.br\/index.php\/wp-json\/wp\/v2\/posts\/48461\/revisions"}],"predecessor-version":[{"id":48463,"href":"https:\/\/blogdoedvaldomagalhaes.com.br\/index.php\/wp-json\/wp\/v2\/posts\/48461\/revisions\/48463"}],"wp:featuredmedia":[{"embeddable":true,"href":"https:\/\/blogdoedvaldomagalhaes.com.br\/index.php\/wp-json\/wp\/v2\/media\/48462"}],"wp:attachment":[{"href":"https:\/\/blogdoedvaldomagalhaes.com.br\/index.php\/wp-json\/wp\/v2\/media?parent=48461"}],"wp:term":[{"taxonomy":"category","embeddable":true,"href":"https:\/\/blogdoedvaldomagalhaes.com.br\/index.php\/wp-json\/wp\/v2\/categories?post=48461"},{"taxonomy":"post_tag","embeddable":true,"href":"https:\/\/blogdoedvaldomagalhaes.com.br\/index.php\/wp-json\/wp\/v2\/tags?post=48461"}],"curies":[{"name":"wp","href":"https:\/\/api.w.org\/{rel}","templated":true}]}}