{"id":48455,"date":"2019-11-18T14:32:00","date_gmt":"2019-11-18T17:32:00","guid":{"rendered":"http:\/\/blogdoedvaldomagalhaes.com.br\/?p=48455"},"modified":"2019-11-18T14:32:04","modified_gmt":"2019-11-18T17:32:04","slug":"i-semana-da-fotografia-de-caruaru-a-partir-desta-segunda-feira-18","status":"publish","type":"post","link":"https:\/\/blogdoedvaldomagalhaes.com.br\/index.php\/2019\/11\/18\/i-semana-da-fotografia-de-caruaru-a-partir-desta-segunda-feira-18\/","title":{"rendered":"I\u00a0Semana da Fotografia de Caruaru a partir desta segunda-feira (18)"},"content":{"rendered":"<p style=\"text-align: justify;\"><span style=\"font-size: inherit;\">A I Semana de Fotografia de Caruaru come\u00e7a nesta segunda-feira (18) e segue at\u00e9 a sexta (22). O evento conta com apoio da Prefeitura de Caruaru, atrav\u00e9s da Funda\u00e7\u00e3o de Cultura e Turismo (FCTC), e \u00e9 uma iniciativa do grupo de fot\u00f3grafos \u201cOlhares do Agreste\u201d. A programa\u00e7\u00e3o oferecida ao p\u00fablico \u00e9 gratuita e n\u00e3o \u00e9 necess\u00e1rio fazer inscri\u00e7\u00e3o.<\/span><\/p>\n<p style=\"text-align: justify;\">A realiza\u00e7\u00e3o ser\u00e1 no Museu do Barro, que receber\u00e1 uma exposi\u00e7\u00e3o de c\u00e2maras raras e de fotografias com o tema: \u201cOlhares da Princesa\u201d; mesas redondas; e palestras sobre a mulher na fotografia, o direito da imagem e causos e hist\u00f3rias da fotografia na era do filme. No encerramento da semana, haver\u00e1 uma sa\u00edda fotogr\u00e1fica partindo da Esta\u00e7\u00e3o Ferrovi\u00e1ria.<\/p>\n<p style=\"text-align: justify;\">O gerente de Cultura da FCTC, H\u00e9rlon Cavalcanti, destaca o apoio da prefeitura. &#8220;A Semana de Fotografia foi uma demanda que surgiu em uma reuni\u00e3o com profissionais da \u00e1rea, realizada pela Funda\u00e7\u00e3o de Cultura e Turismo. Vamos apoiar com parte da estrutura material \u2013 como por exemplo a impress\u00e3o de fotografias &#8211; e oferecendo o espa\u00e7o, al\u00e9m de estimular a participa\u00e7\u00e3o de alunos da rede municipal\u201d, destacou.<\/p>\n","protected":false},"excerpt":{"rendered":"<p>A I Semana de Fotografia de Caruaru come\u00e7a nesta segunda-feira (18) e segue at\u00e9 a sexta (22). O evento conta&hellip;<\/p>\n","protected":false},"author":1,"featured_media":48456,"comment_status":"open","ping_status":"open","sticky":false,"template":"","format":"standard","meta":{"footnotes":""},"categories":[14120],"tags":[2,16617],"class_list":["post-48455","post","type-post","status-publish","format-standard","has-post-thumbnail","hentry","category-noticias","tag-blog-do-edvaldo-magalhaes","tag-i-semana-da-fotografia-de-caruaru-a-partir-desta-segunda-feira-18"],"_links":{"self":[{"href":"https:\/\/blogdoedvaldomagalhaes.com.br\/index.php\/wp-json\/wp\/v2\/posts\/48455","targetHints":{"allow":["GET"]}}],"collection":[{"href":"https:\/\/blogdoedvaldomagalhaes.com.br\/index.php\/wp-json\/wp\/v2\/posts"}],"about":[{"href":"https:\/\/blogdoedvaldomagalhaes.com.br\/index.php\/wp-json\/wp\/v2\/types\/post"}],"author":[{"embeddable":true,"href":"https:\/\/blogdoedvaldomagalhaes.com.br\/index.php\/wp-json\/wp\/v2\/users\/1"}],"replies":[{"embeddable":true,"href":"https:\/\/blogdoedvaldomagalhaes.com.br\/index.php\/wp-json\/wp\/v2\/comments?post=48455"}],"version-history":[{"count":1,"href":"https:\/\/blogdoedvaldomagalhaes.com.br\/index.php\/wp-json\/wp\/v2\/posts\/48455\/revisions"}],"predecessor-version":[{"id":48457,"href":"https:\/\/blogdoedvaldomagalhaes.com.br\/index.php\/wp-json\/wp\/v2\/posts\/48455\/revisions\/48457"}],"wp:featuredmedia":[{"embeddable":true,"href":"https:\/\/blogdoedvaldomagalhaes.com.br\/index.php\/wp-json\/wp\/v2\/media\/48456"}],"wp:attachment":[{"href":"https:\/\/blogdoedvaldomagalhaes.com.br\/index.php\/wp-json\/wp\/v2\/media?parent=48455"}],"wp:term":[{"taxonomy":"category","embeddable":true,"href":"https:\/\/blogdoedvaldomagalhaes.com.br\/index.php\/wp-json\/wp\/v2\/categories?post=48455"},{"taxonomy":"post_tag","embeddable":true,"href":"https:\/\/blogdoedvaldomagalhaes.com.br\/index.php\/wp-json\/wp\/v2\/tags?post=48455"}],"curies":[{"name":"wp","href":"https:\/\/api.w.org\/{rel}","templated":true}]}}