{"id":48445,"date":"2019-11-18T11:35:48","date_gmt":"2019-11-18T14:35:48","guid":{"rendered":"http:\/\/blogdoedvaldomagalhaes.com.br\/?p=48445"},"modified":"2019-11-18T11:35:53","modified_gmt":"2019-11-18T14:35:53","slug":"prf-divulga-balanco-da-operacao-proclamacao-da-republica-em-pernambuco-confira","status":"publish","type":"post","link":"https:\/\/blogdoedvaldomagalhaes.com.br\/index.php\/2019\/11\/18\/prf-divulga-balanco-da-operacao-proclamacao-da-republica-em-pernambuco-confira\/","title":{"rendered":"PRF divulga balan\u00e7o da Opera\u00e7\u00e3o Proclama\u00e7\u00e3o da Rep\u00fablica em Pernambuco; Confira"},"content":{"rendered":"<p style=\"text-align: justify;\"><span style=\"font-size: inherit;\">Mais de 2 mil testes de alcoolemia foram realizados com o apoio do etil\u00f4metro passivo; 17 pessoas foram detidas por diversos crimes<\/span><\/p>\n<p style=\"text-align: justify;\">Entre a quinta-feira (14) e o domingo (17), a Pol\u00edcia Rodovi\u00e1ria Federal (PRF) registrou 45 acidentes nas rodovias federais do estado, que deixaram 31 pessoas feridas e tr\u00eas mortas. A Opera\u00e7\u00e3o Proclama\u00e7\u00e3o da Rep\u00fablica do ano passado teve um dia a mais e foram registrados 61 acidentes, com 59 feridos e cinco mortes. Em 2019 a m\u00e9dia de acidentes por dia foi de 11,2 ocorr\u00eancias, enquanto que em 2018, foram registradas 11,8.<\/p>\n<p style=\"text-align: justify;\">O acidente mais grave ocorreu na madrugada de domingo, no quil\u00f4metro 94,3 da BR 232 em Sair\u00e9, durante uma colis\u00e3o lateral de um ve\u00edculo de passageiros em uma caminhonete. O acidente foi provocado por uma suposta tentativa de assalto que resultou na morte de tr\u00eas pessoas e deixou quatro feridas. Entre os mortos, h\u00e1 dois suspeitos de participar do crime.<\/p>\n<p style=\"text-align: justify;\">Em quatro dias, foram abordados 3.205 ve\u00edculos e 3.600 pessoas, sendo emitidas 2.543 autua\u00e7\u00f5es por diversas infra\u00e7\u00f5es. Entre elas, destacam-se 143 pelo n\u00e3o uso do cinto de seguran\u00e7a, 132 por ultrapassagens indevidas, 90 pela falta do capacete e 25 pela aus\u00eancia da cadeirinha para crian\u00e7as.<\/p>\n<p style=\"text-align: justify;\">No combate \u00e0 alcoolemia foram realizados 2.076 testes com o baf\u00f4metro, emitidas 56 autua\u00e7\u00f5es e presos dois motoristas que estavam sob efeito de \u00e1lcool. No ano passado foram realizados 1.102 testes, com 38 autua\u00e7\u00f5es e uma pris\u00e3o. A fiscaliza\u00e7\u00e3o contou com apoio do etil\u00f4metro passivo, que indica se o condutor ingeriu \u00e1lcool sem a necessidade de soprar o bocal.<\/p>\n<p style=\"text-align: justify;\">As a\u00e7\u00f5es educativas alcan\u00e7aram 130 pessoas a partir de palestras do Cinema Rodovi\u00e1rio, que busca conscientizar motoristas e passageiros sobre o papel de cada um na constru\u00e7\u00e3o de um tr\u00e2nsito mais seguro. Nesse per\u00edodo tamb\u00e9m foram prestados 42 aux\u00edlios a motoristas que tiveram problemas mec\u00e2nicos ou se envolveram em acidentes sem v\u00edtima.<\/p>\n<p style=\"text-align: justify;\">O combate \u00e0 criminalidade resultou na pris\u00e3o de 17 pessoas por diversos crimes, como roubo, recepta\u00e7\u00e3o de ve\u00edculo roubado, porte ilegal de arma, uso de documento falso e com mandado de pris\u00e3o em aberto. Nesse per\u00edodo, tr\u00eas ve\u00edculos roubados foram recuperados.<\/p>\n<p style=\"text-align: justify;\">Durante a opera\u00e7\u00e3o foram recolhidos 243 ve\u00edculos irregulares, 159 Certificados de Registro e Licenciamento de Ve\u00edculo (CRLVs) e 43 Carteiras Nacionais de Habilita\u00e7\u00e3o (CNHs). Ainda foram flagrados caminh\u00f5es transportando um total de 29,9 toneladas de mercadorias com excesso de peso.<\/p>\n\n\n<figure class=\"wp-block-image size-large\"><img loading=\"lazy\" decoding=\"async\" width=\"1024\" height=\"768\" src=\"http:\/\/blogdoedvaldomagalhaes.com.br\/wp-content\/uploads\/2019\/11\/IMG-20191118-WA0054-1024x768.jpg\" alt=\"\" class=\"wp-image-48447\" srcset=\"https:\/\/blogdoedvaldomagalhaes.com.br\/wp-content\/uploads\/2019\/11\/IMG-20191118-WA0054-1024x768.jpg 1024w, https:\/\/blogdoedvaldomagalhaes.com.br\/wp-content\/uploads\/2019\/11\/IMG-20191118-WA0054-300x225.jpg 300w, https:\/\/blogdoedvaldomagalhaes.com.br\/wp-content\/uploads\/2019\/11\/IMG-20191118-WA0054-768x576.jpg 768w, https:\/\/blogdoedvaldomagalhaes.com.br\/wp-content\/uploads\/2019\/11\/IMG-20191118-WA0054-160x120.jpg 160w, https:\/\/blogdoedvaldomagalhaes.com.br\/wp-content\/uploads\/2019\/11\/IMG-20191118-WA0054.jpg 1280w\" sizes=\"auto, (max-width: 1024px) 100vw, 1024px\" \/><\/figure>\n\n\n\n<figure class=\"wp-block-image size-large\"><img loading=\"lazy\" decoding=\"async\" width=\"1024\" height=\"768\" src=\"http:\/\/blogdoedvaldomagalhaes.com.br\/wp-content\/uploads\/2019\/11\/IMG-20191118-WA0048-1024x768.jpg\" alt=\"\" class=\"wp-image-48448\" srcset=\"https:\/\/blogdoedvaldomagalhaes.com.br\/wp-content\/uploads\/2019\/11\/IMG-20191118-WA0048-1024x768.jpg 1024w, https:\/\/blogdoedvaldomagalhaes.com.br\/wp-content\/uploads\/2019\/11\/IMG-20191118-WA0048-300x225.jpg 300w, https:\/\/blogdoedvaldomagalhaes.com.br\/wp-content\/uploads\/2019\/11\/IMG-20191118-WA0048-768x576.jpg 768w, https:\/\/blogdoedvaldomagalhaes.com.br\/wp-content\/uploads\/2019\/11\/IMG-20191118-WA0048-160x120.jpg 160w, https:\/\/blogdoedvaldomagalhaes.com.br\/wp-content\/uploads\/2019\/11\/IMG-20191118-WA0048.jpg 1280w\" sizes=\"auto, (max-width: 1024px) 100vw, 1024px\" \/><figcaption>Informa\u00e7\u00f5es e fotos: PRF<\/figcaption><\/figure>\n","protected":false},"excerpt":{"rendered":"<p>Mais de 2 mil testes de alcoolemia foram realizados com o apoio do etil\u00f4metro passivo; 17 pessoas foram detidas por&hellip;<\/p>\n","protected":false},"author":1,"featured_media":48446,"comment_status":"open","ping_status":"open","sticky":false,"template":"","format":"standard","meta":{"footnotes":""},"categories":[14121],"tags":[2,16615],"class_list":["post-48445","post","type-post","status-publish","format-standard","has-post-thumbnail","hentry","category-policial","tag-blog-do-edvaldo-magalhaes","tag-prf-divulga-balanco-da-operacao-proclamacao-da-republica-em-pernambuco-confira"],"_links":{"self":[{"href":"https:\/\/blogdoedvaldomagalhaes.com.br\/index.php\/wp-json\/wp\/v2\/posts\/48445","targetHints":{"allow":["GET"]}}],"collection":[{"href":"https:\/\/blogdoedvaldomagalhaes.com.br\/index.php\/wp-json\/wp\/v2\/posts"}],"about":[{"href":"https:\/\/blogdoedvaldomagalhaes.com.br\/index.php\/wp-json\/wp\/v2\/types\/post"}],"author":[{"embeddable":true,"href":"https:\/\/blogdoedvaldomagalhaes.com.br\/index.php\/wp-json\/wp\/v2\/users\/1"}],"replies":[{"embeddable":true,"href":"https:\/\/blogdoedvaldomagalhaes.com.br\/index.php\/wp-json\/wp\/v2\/comments?post=48445"}],"version-history":[{"count":1,"href":"https:\/\/blogdoedvaldomagalhaes.com.br\/index.php\/wp-json\/wp\/v2\/posts\/48445\/revisions"}],"predecessor-version":[{"id":48449,"href":"https:\/\/blogdoedvaldomagalhaes.com.br\/index.php\/wp-json\/wp\/v2\/posts\/48445\/revisions\/48449"}],"wp:featuredmedia":[{"embeddable":true,"href":"https:\/\/blogdoedvaldomagalhaes.com.br\/index.php\/wp-json\/wp\/v2\/media\/48446"}],"wp:attachment":[{"href":"https:\/\/blogdoedvaldomagalhaes.com.br\/index.php\/wp-json\/wp\/v2\/media?parent=48445"}],"wp:term":[{"taxonomy":"category","embeddable":true,"href":"https:\/\/blogdoedvaldomagalhaes.com.br\/index.php\/wp-json\/wp\/v2\/categories?post=48445"},{"taxonomy":"post_tag","embeddable":true,"href":"https:\/\/blogdoedvaldomagalhaes.com.br\/index.php\/wp-json\/wp\/v2\/tags?post=48445"}],"curies":[{"name":"wp","href":"https:\/\/api.w.org\/{rel}","templated":true}]}}