{"id":48440,"date":"2019-11-18T11:06:20","date_gmt":"2019-11-18T14:06:20","guid":{"rendered":"http:\/\/blogdoedvaldomagalhaes.com.br\/?p=48440"},"modified":"2019-11-18T11:16:37","modified_gmt":"2019-11-18T14:16:37","slug":"novo-tecnico-do-central-se-apresenta-ao-clube-nesta-terca-19","status":"publish","type":"post","link":"https:\/\/blogdoedvaldomagalhaes.com.br\/index.php\/2019\/11\/18\/novo-tecnico-do-central-se-apresenta-ao-clube-nesta-terca-19\/","title":{"rendered":"Novo t\u00e9cnico do Central se apresenta ao clube nesta ter\u00e7a (19)"},"content":{"rendered":"<p style=\"text-align: justify;\">O t\u00e9cnico Evandro Guimar\u00e3es se apresenta ao Central Sport Club, nesta ter\u00e7a-feira (19), e concede entrevista coletiva \u00e0s 17h, na Sala de imprensa Jornalista Souza Pepeu, localizada nas depend\u00eancias do Est\u00e1dio Luiz Jos\u00e9 de Lacerda (Lacerd\u00e3o), em Caruaru. O novo treinador da Patativa do Agreste, estar\u00e1 acompanhado do gerente de futebol Adriano Coelho, do presidente Alexandre C\u00e9sar Leite e demais diretores.<\/p>\n<p style=\"text-align: justify;\">O t\u00e9cnico de 45 anos tem experi\u00eancia no \u00e2mbito futebol\u00edstico brasileiro e internacional. Evandro Guimar\u00e3es j\u00e1 dirigiu equipes como: Fluminense de Feira\/BA, Salgueiro\/PE, Juazeirense\/BA, Vit\u00f3ria da Conquista\/BA, Gr\u00eamio Barueri\/SP, entre outros clubes do eixo Sul-Sudeste do pa\u00eds. O \u00faltimo trabalho do t\u00e9cnico foi realizado no Club Desportivo Destroyers da Bol\u00edvia.<\/p>\n<p style=\"text-align: justify;\">Al\u00e9m do curr\u00edculo dentro de campo, Evandro Guimar\u00e3es traz para o Alvinegro Caruaruense, o know-how de cursos de licenciatura da UEFA, COTIF em Val\u00eancia, Espanha, e CBF.<\/p>\n","protected":false},"excerpt":{"rendered":"<p>O t\u00e9cnico Evandro Guimar\u00e3es se apresenta ao Central Sport Club, nesta ter\u00e7a-feira (19), e concede entrevista coletiva \u00e0s 17h, na&hellip;<\/p>\n","protected":false},"author":1,"featured_media":48336,"comment_status":"open","ping_status":"open","sticky":false,"template":"","format":"standard","meta":{"footnotes":""},"categories":[14124],"tags":[2,9595,16614],"class_list":["post-48440","post","type-post","status-publish","format-standard","has-post-thumbnail","hentry","category-centralsc","tag-blog-do-edvaldo-magalhaes","tag-evandro-guimaraes","tag-novo-tecnico-do-central-se-apresenta-ao-clube-nesta-terca-19"],"_links":{"self":[{"href":"https:\/\/blogdoedvaldomagalhaes.com.br\/index.php\/wp-json\/wp\/v2\/posts\/48440","targetHints":{"allow":["GET"]}}],"collection":[{"href":"https:\/\/blogdoedvaldomagalhaes.com.br\/index.php\/wp-json\/wp\/v2\/posts"}],"about":[{"href":"https:\/\/blogdoedvaldomagalhaes.com.br\/index.php\/wp-json\/wp\/v2\/types\/post"}],"author":[{"embeddable":true,"href":"https:\/\/blogdoedvaldomagalhaes.com.br\/index.php\/wp-json\/wp\/v2\/users\/1"}],"replies":[{"embeddable":true,"href":"https:\/\/blogdoedvaldomagalhaes.com.br\/index.php\/wp-json\/wp\/v2\/comments?post=48440"}],"version-history":[{"count":4,"href":"https:\/\/blogdoedvaldomagalhaes.com.br\/index.php\/wp-json\/wp\/v2\/posts\/48440\/revisions"}],"predecessor-version":[{"id":48444,"href":"https:\/\/blogdoedvaldomagalhaes.com.br\/index.php\/wp-json\/wp\/v2\/posts\/48440\/revisions\/48444"}],"wp:featuredmedia":[{"embeddable":true,"href":"https:\/\/blogdoedvaldomagalhaes.com.br\/index.php\/wp-json\/wp\/v2\/media\/48336"}],"wp:attachment":[{"href":"https:\/\/blogdoedvaldomagalhaes.com.br\/index.php\/wp-json\/wp\/v2\/media?parent=48440"}],"wp:term":[{"taxonomy":"category","embeddable":true,"href":"https:\/\/blogdoedvaldomagalhaes.com.br\/index.php\/wp-json\/wp\/v2\/categories?post=48440"},{"taxonomy":"post_tag","embeddable":true,"href":"https:\/\/blogdoedvaldomagalhaes.com.br\/index.php\/wp-json\/wp\/v2\/tags?post=48440"}],"curies":[{"name":"wp","href":"https:\/\/api.w.org\/{rel}","templated":true}]}}