{"id":48434,"date":"2019-11-18T09:03:31","date_gmt":"2019-11-18T12:03:31","guid":{"rendered":"http:\/\/blogdoedvaldomagalhaes.com.br\/?p=48434"},"modified":"2019-11-18T09:03:37","modified_gmt":"2019-11-18T12:03:37","slug":"icia-realiza-semana-do-dia-nacional-de-combate-ao-cancer-infantojuvenil","status":"publish","type":"post","link":"https:\/\/blogdoedvaldomagalhaes.com.br\/index.php\/2019\/11\/18\/icia-realiza-semana-do-dia-nacional-de-combate-ao-cancer-infantojuvenil\/","title":{"rendered":"Icia realiza semana do Dia Nacional de Combate ao C\u00e2ncer Infantojuvenil"},"content":{"rendered":"<p style=\"text-align: justify;\"><span style=\"font-size: inherit;\">O DNCCI \u00e9 o Dia Nacional de Combate ao C\u00e2ncer Infantojuvenil, e Institui\u00e7\u00f5es de todas as regi\u00f5es realizam a\u00e7\u00f5es para conscientiza\u00e7\u00e3o do combate e diagn\u00f3stico precoce da doen\u00e7a. O Instituto do C\u00e2ncer Infantil do Agreste \u00e9 uma das 50 institui\u00e7\u00f5es e casas de apoio que trabalham em conjunto com a Confedera\u00e7\u00e3o Nacional das Institui\u00e7\u00f5es de Apoio e Assist\u00eancia \u00e0 Crian\u00e7a e ao Adolescente com C\u00e2ncer \u2013\u00a0CONIACC.\u00a0<\/span><\/p>\n<p style=\"text-align: justify;\">No Brasil, 35 novos casos de c\u00e2ncer s\u00e3o diagn\u00f3sticos por dia, entre crian\u00e7as e adolescentes de 01 a 19 anos. De acordo com o Instituto Nacional de C\u00e2ncer (INCA), haver\u00e1 mais de 12.500 novos casos de c\u00e2ncer infantojuvenil em 2019 e, com o diagn\u00f3stico precoce, em torno de 80% desses pacientes poder\u00e3o ser tratados adequadamente com a doen\u00e7a ainda no in\u00edcio.<br \/>\nO Icia promove uma semana de a\u00e7\u00f5es de alerta e conscientiza\u00e7\u00e3o ao diagn\u00f3stico precoce em alus\u00e3o ao Dia Nacional de Combate ao C\u00e2ncer Infantojuvenil, que \u00e9 comemorado em 23 de novembro. Entre as a\u00e7\u00f5es, a sensibiliza\u00e7\u00e3o e palestras com os mascotes da institui\u00e7\u00e3o. Recrea\u00e7\u00e3o e a\u00e7\u00f5es em parceria com a Pol\u00edcia Rodovi\u00e1ria Federal, com doa\u00e7\u00e3o de sangue, recrea\u00e7\u00e3o e intera\u00e7\u00e3o com as crian\u00e7as pacientes do instituto.<br \/>\nPalestra junto com a IV Ger\u00eancia Regional de Sa\u00fade sobre os sinais e sintomas do c\u00e2ncer. Al\u00e9m da Caravana de Diagn\u00f3stico Precoce, na cidade de Paranatama. E a realiza\u00e7\u00e3o do Dia D no Marco Zero de Caruaru com panfletagem, divulga\u00e7\u00e3o da cartilha de sinais e sintomas e venda de produtos da grife do Icia.<br \/>\nO Dia de Combate ao C\u00e2ncer Infantojuvenil entrou no calend\u00e1rio nacional no dia 4 de abril de 2008 e continua a atuar, intensamente, na orienta\u00e7\u00e3o e divulga\u00e7\u00e3o de informa\u00e7\u00f5es em torno da doen\u00e7a que atinge milhares de jovens anualmente. H\u00e1 tamb\u00e9m uma lei municipal que institui o mesmo a data em Caruaru.<br \/>\nEntre os principais objetivos do DNCCI est\u00e3o o est\u00edmulo de a\u00e7\u00f5es educativas e preventivas relacionadas ao c\u00e2ncer infantojuvenil; promo\u00e7\u00e3o de debates e eventos sobre pol\u00edticas p\u00fablicas de aten\u00e7\u00e3o integral \u00e0s crian\u00e7as e adolescentes com o c\u00e2ncer; apoio as atividades organizadas e desenvolvidas pela sociedade civil em prol dos pacientes; divulga\u00e7\u00e3o sobre avan\u00e7os t\u00e9cnico-cient\u00edficos relacionados \u00e0 doen\u00e7a e principalmente apoio \u00e0s crian\u00e7as, adolescentes e seus familiares.<br \/>\nO alerta sobre a doen\u00e7a \u00e9 realizado durante todo o ano sobre um dos principais fatores que pode transformar essa realidade e reduzir esse n\u00famero que \u00e9 o diagn\u00f3stico precoce. Os adultos devem atentar para o poss\u00edvel aparecimento de qualquer um dos sinais ou sintomas em crian\u00e7as e adolescentes. O diagn\u00f3stico precoce em conjunto com o tratamento adequado \u00e9 fundamental e pode salvar milhares de vidas.<br \/>\nConfira alguns sinais e sintomas: palidez progressiva; sangramentos ou manchas roxas sem rela\u00e7\u00e3o com traumas; febre prolongada sem causa definida; v\u00f4mitos e dores de cabe\u00e7a persistentes, principalmente pela manh\u00e3; altera\u00e7\u00e3o da marcha ou da vis\u00e3o ou diminui\u00e7\u00e3o da for\u00e7a em pernas ou bra\u00e7os; caro\u00e7os em qualquer lugar do corpo; \u00ednguas; dores no corpo que n\u00e3o passam e atrapalham as atividades das crian\u00e7as e brilho branco nos olhos quando a crian\u00e7a sai em fotografia com flash.<\/p>\n<p style=\"text-align: justify;\">Programa\u00e7\u00e3o do Icia<br \/>\n18\\11 \u2013 Sensibiliza\u00e7\u00e3o com mascotes e palestra na Escola Professor Jos\u00e9 Bione;<br \/>\n19\\11- Manh\u00e3 de recrea\u00e7\u00e3o com a PRF no ICIA, come\u00e7ando com doa\u00e7\u00f5es de sangue no Hemope e depois passeio no carro da PRF. Essa a\u00e7\u00e3o encerra com recrea\u00e7\u00f5es.<br \/>\n20\\11 &#8211; Palestra na IV Geres sobre os sinais e sintomas;<br \/>\n21\\11 &#8211; \u00daltima Caravana do Diagn\u00f3stico Precoce, na cidade de Paranatama;<br \/>\n22\\11 &#8211; A\u00e7\u00e3o de atendimentos no ICIA;<br \/>\n23\\11 &#8211; Dia D no Marco Zero com panfletagem, divulga\u00e7\u00e3o e venda de produtos da grife do instituto.<\/p>\n","protected":false},"excerpt":{"rendered":"<p>O DNCCI \u00e9 o Dia Nacional de Combate ao C\u00e2ncer Infantojuvenil, e Institui\u00e7\u00f5es de todas as regi\u00f5es realizam a\u00e7\u00f5es para&hellip;<\/p>\n","protected":false},"author":1,"featured_media":48435,"comment_status":"open","ping_status":"open","sticky":false,"template":"","format":"standard","meta":{"footnotes":""},"categories":[14120],"tags":[2,16613],"class_list":["post-48434","post","type-post","status-publish","format-standard","has-post-thumbnail","hentry","category-noticias","tag-blog-do-edvaldo-magalhaes","tag-icia-realiza-semana-do-dia-nacional-de-combate-ao-cancer-infantojuvenil"],"_links":{"self":[{"href":"https:\/\/blogdoedvaldomagalhaes.com.br\/index.php\/wp-json\/wp\/v2\/posts\/48434","targetHints":{"allow":["GET"]}}],"collection":[{"href":"https:\/\/blogdoedvaldomagalhaes.com.br\/index.php\/wp-json\/wp\/v2\/posts"}],"about":[{"href":"https:\/\/blogdoedvaldomagalhaes.com.br\/index.php\/wp-json\/wp\/v2\/types\/post"}],"author":[{"embeddable":true,"href":"https:\/\/blogdoedvaldomagalhaes.com.br\/index.php\/wp-json\/wp\/v2\/users\/1"}],"replies":[{"embeddable":true,"href":"https:\/\/blogdoedvaldomagalhaes.com.br\/index.php\/wp-json\/wp\/v2\/comments?post=48434"}],"version-history":[{"count":1,"href":"https:\/\/blogdoedvaldomagalhaes.com.br\/index.php\/wp-json\/wp\/v2\/posts\/48434\/revisions"}],"predecessor-version":[{"id":48436,"href":"https:\/\/blogdoedvaldomagalhaes.com.br\/index.php\/wp-json\/wp\/v2\/posts\/48434\/revisions\/48436"}],"wp:featuredmedia":[{"embeddable":true,"href":"https:\/\/blogdoedvaldomagalhaes.com.br\/index.php\/wp-json\/wp\/v2\/media\/48435"}],"wp:attachment":[{"href":"https:\/\/blogdoedvaldomagalhaes.com.br\/index.php\/wp-json\/wp\/v2\/media?parent=48434"}],"wp:term":[{"taxonomy":"category","embeddable":true,"href":"https:\/\/blogdoedvaldomagalhaes.com.br\/index.php\/wp-json\/wp\/v2\/categories?post=48434"},{"taxonomy":"post_tag","embeddable":true,"href":"https:\/\/blogdoedvaldomagalhaes.com.br\/index.php\/wp-json\/wp\/v2\/tags?post=48434"}],"curies":[{"name":"wp","href":"https:\/\/api.w.org\/{rel}","templated":true}]}}