{"id":48422,"date":"2019-11-17T18:18:02","date_gmt":"2019-11-17T21:18:02","guid":{"rendered":"http:\/\/blogdoedvaldomagalhaes.com.br\/?p=48422"},"modified":"2019-11-18T10:19:13","modified_gmt":"2019-11-18T13:19:13","slug":"triplo-homicidio-e-registrado-em-surubim-neste-domingo-17","status":"publish","type":"post","link":"https:\/\/blogdoedvaldomagalhaes.com.br\/index.php\/2019\/11\/17\/triplo-homicidio-e-registrado-em-surubim-neste-domingo-17\/","title":{"rendered":"Triplo homic\u00eddio \u00e9 registrado em Surubim neste domingo (17)"},"content":{"rendered":"<p style=\"font-style: inherit; font-weight: 400; text-align: justify;\"><strong>P<span style=\"font-style: inherit;\">olicias do 22\u00ba BPM em Surubim, foram solicitados por moradores do bairro Santo Ant\u00f4nio, nas proximidades do DETRAN, neste domingo (17), para averiguar disparos de arma de fogo em uma piscina. Chegando <\/span><\/strong><strong style=\"font-size: inherit; font-style: inherit;\"><span style=\"font-style: inherit;\">ao local a guarni\u00e7\u00e3o avistou tr\u00eas corpos ainda n\u00e3o identificados.\u00a0<\/span><\/strong><\/p>\n<p style=\"font-style: inherit; text-align: justify;\"><strong><span style=\"font-style: inherit;\">Segundo informa\u00e7\u00f5es, t<\/span><\/strong><strong style=\"font-style: inherit;\">r\u00eas homens foram mortos com\u00a0 tiros de armas de fogo ponto .40 e .45, em uma piscina de aluguel, onde acontecia uma festa. Uma das vitimas morreu sentado em uma cadeira, a outra morreu ao lado da piscina e o terceiro ainda correu e faleceu no lado de fora da piscina. <\/strong><\/p>\n<p style=\"font-style: inherit; text-align: justify;\"><strong style=\"font-style: inherit;\">As v\u00edtimas foram: Thales M\u00e1rio da Silva, 21 anos idade (que morava em Surubim), J\u00e9ferson Manoel Ribeiro Teixeira, idade n\u00e3o informada (que morava no bairro S\u00e3o Jos\u00e9),<\/strong><strong style=\"font-style: inherit;\"> e Jos\u00e9 Edivaldo da Silva Costa, de 25 anos (que morava no bairro S\u00e3o Jos\u00e9), n\u00e3o resistiram e morreram antes de receberem os primeiros socorros. A autoria e o motivo ainda s\u00e3o desconhecidos. Os corpos foram encaminhados para o IML de Caruaru.\u00a0<\/strong><\/p>\n\n\n<figure class=\"wp-block-image size-large\"><img loading=\"lazy\" decoding=\"async\" width=\"720\" height=\"358\" src=\"http:\/\/blogdoedvaldomagalhaes.com.br\/wp-content\/uploads\/2019\/11\/IMG-20191117-WA0364.jpg\" alt=\"\" class=\"wp-image-48431\" srcset=\"https:\/\/blogdoedvaldomagalhaes.com.br\/wp-content\/uploads\/2019\/11\/IMG-20191117-WA0364.jpg 720w, https:\/\/blogdoedvaldomagalhaes.com.br\/wp-content\/uploads\/2019\/11\/IMG-20191117-WA0364-300x149.jpg 300w\" sizes=\"auto, (max-width: 720px) 100vw, 720px\" \/><figcaption>Fotos: Reprodu\u00e7\u00e3o\/Whatsapp <\/figcaption><\/figure>\n","protected":false},"excerpt":{"rendered":"<p>Policias do 22\u00ba BPM em Surubim, foram solicitados por moradores do bairro Santo Ant\u00f4nio, nas proximidades do DETRAN, neste domingo&hellip;<\/p>\n","protected":false},"author":1,"featured_media":48423,"comment_status":"open","ping_status":"open","sticky":false,"template":"","format":"standard","meta":{"footnotes":""},"categories":[14121],"tags":[2,16612],"class_list":["post-48422","post","type-post","status-publish","format-standard","has-post-thumbnail","hentry","category-policial","tag-blog-do-edvaldo-magalhaes","tag-triplo-homicidio-e-registrado-em-surubim-neste-domingo-17"],"_links":{"self":[{"href":"https:\/\/blogdoedvaldomagalhaes.com.br\/index.php\/wp-json\/wp\/v2\/posts\/48422","targetHints":{"allow":["GET"]}}],"collection":[{"href":"https:\/\/blogdoedvaldomagalhaes.com.br\/index.php\/wp-json\/wp\/v2\/posts"}],"about":[{"href":"https:\/\/blogdoedvaldomagalhaes.com.br\/index.php\/wp-json\/wp\/v2\/types\/post"}],"author":[{"embeddable":true,"href":"https:\/\/blogdoedvaldomagalhaes.com.br\/index.php\/wp-json\/wp\/v2\/users\/1"}],"replies":[{"embeddable":true,"href":"https:\/\/blogdoedvaldomagalhaes.com.br\/index.php\/wp-json\/wp\/v2\/comments?post=48422"}],"version-history":[{"count":7,"href":"https:\/\/blogdoedvaldomagalhaes.com.br\/index.php\/wp-json\/wp\/v2\/posts\/48422\/revisions"}],"predecessor-version":[{"id":48439,"href":"https:\/\/blogdoedvaldomagalhaes.com.br\/index.php\/wp-json\/wp\/v2\/posts\/48422\/revisions\/48439"}],"wp:featuredmedia":[{"embeddable":true,"href":"https:\/\/blogdoedvaldomagalhaes.com.br\/index.php\/wp-json\/wp\/v2\/media\/48423"}],"wp:attachment":[{"href":"https:\/\/blogdoedvaldomagalhaes.com.br\/index.php\/wp-json\/wp\/v2\/media?parent=48422"}],"wp:term":[{"taxonomy":"category","embeddable":true,"href":"https:\/\/blogdoedvaldomagalhaes.com.br\/index.php\/wp-json\/wp\/v2\/categories?post=48422"},{"taxonomy":"post_tag","embeddable":true,"href":"https:\/\/blogdoedvaldomagalhaes.com.br\/index.php\/wp-json\/wp\/v2\/tags?post=48422"}],"curies":[{"name":"wp","href":"https:\/\/api.w.org\/{rel}","templated":true}]}}