{"id":48418,"date":"2019-11-17T11:15:23","date_gmt":"2019-11-17T14:15:23","guid":{"rendered":"http:\/\/blogdoedvaldomagalhaes.com.br\/?p=48418"},"modified":"2019-11-17T11:18:41","modified_gmt":"2019-11-17T14:18:41","slug":"pm-apreende-drogas-e-arma-em-caruaru","status":"publish","type":"post","link":"https:\/\/blogdoedvaldomagalhaes.com.br\/index.php\/2019\/11\/17\/pm-apreende-drogas-e-arma-em-caruaru\/","title":{"rendered":"PM apreende drogas e arma em Caruaru"},"content":{"rendered":"<p style=\"text-align: justify;\"><span style=\"font-size: inherit;\">Na noite da \u00faltima sexta-feira (15), policiais militares do 1\u00b0 Biesp realizavam uma opera\u00e7\u00e3o policial quando em incurs\u00f5es no morro Bom Jesus avistaram um homem, de 45 anos, sentado em uma cal\u00e7ada, usando um aparelho celular. O efetivo realizou a abordagem, onde foi constatado que o aparelho estava com restri\u00e7\u00e3o de roubo e furto. Na ocasi\u00e3o, o suspeito n\u00e3o portava a documenta\u00e7\u00e3o, motivo pelo qual o efetivo se deslocou at\u00e9 a resid\u00eancia do mesmo. Com autoriza\u00e7\u00e3o do morador foram realizadas buscas no interior do domic\u00edlio, onde foi encontrada na cozinha, dentro de uma bolsa pl\u00e1stica, cerca de 200g de maconha. Na casa ainda foi apreendido um rev\u00f3lver calibre 32 sem numera\u00e7\u00e3o.\u00a0<\/span><\/p>\n<p style=\"text-align: justify;\">Com o apoio do Canil, o efetivo encontrou ainda, por traz da resid\u00eancia, em um terreno baldio, cerca de 20g de crack. O suspeito e todo material apreendido foram encaminhados at\u00e9 a Delegacia de Plant\u00e3o para serem tomadas as medidas legais cab\u00edveis.<\/p>\n","protected":false},"excerpt":{"rendered":"<p>Na noite da \u00faltima sexta-feira (15), policiais militares do 1\u00b0 Biesp realizavam uma opera\u00e7\u00e3o policial quando em incurs\u00f5es no morro&hellip;<\/p>\n","protected":false},"author":1,"featured_media":48419,"comment_status":"open","ping_status":"open","sticky":false,"template":"","format":"standard","meta":{"footnotes":""},"categories":[14121],"tags":[2,16611],"class_list":["post-48418","post","type-post","status-publish","format-standard","has-post-thumbnail","hentry","category-policial","tag-blog-do-edvaldo-magalhaes","tag-pm-apreende-drogas-e-arma-em-caruaru"],"_links":{"self":[{"href":"https:\/\/blogdoedvaldomagalhaes.com.br\/index.php\/wp-json\/wp\/v2\/posts\/48418","targetHints":{"allow":["GET"]}}],"collection":[{"href":"https:\/\/blogdoedvaldomagalhaes.com.br\/index.php\/wp-json\/wp\/v2\/posts"}],"about":[{"href":"https:\/\/blogdoedvaldomagalhaes.com.br\/index.php\/wp-json\/wp\/v2\/types\/post"}],"author":[{"embeddable":true,"href":"https:\/\/blogdoedvaldomagalhaes.com.br\/index.php\/wp-json\/wp\/v2\/users\/1"}],"replies":[{"embeddable":true,"href":"https:\/\/blogdoedvaldomagalhaes.com.br\/index.php\/wp-json\/wp\/v2\/comments?post=48418"}],"version-history":[{"count":2,"href":"https:\/\/blogdoedvaldomagalhaes.com.br\/index.php\/wp-json\/wp\/v2\/posts\/48418\/revisions"}],"predecessor-version":[{"id":48421,"href":"https:\/\/blogdoedvaldomagalhaes.com.br\/index.php\/wp-json\/wp\/v2\/posts\/48418\/revisions\/48421"}],"wp:featuredmedia":[{"embeddable":true,"href":"https:\/\/blogdoedvaldomagalhaes.com.br\/index.php\/wp-json\/wp\/v2\/media\/48419"}],"wp:attachment":[{"href":"https:\/\/blogdoedvaldomagalhaes.com.br\/index.php\/wp-json\/wp\/v2\/media?parent=48418"}],"wp:term":[{"taxonomy":"category","embeddable":true,"href":"https:\/\/blogdoedvaldomagalhaes.com.br\/index.php\/wp-json\/wp\/v2\/categories?post=48418"},{"taxonomy":"post_tag","embeddable":true,"href":"https:\/\/blogdoedvaldomagalhaes.com.br\/index.php\/wp-json\/wp\/v2\/tags?post=48418"}],"curies":[{"name":"wp","href":"https:\/\/api.w.org\/{rel}","templated":true}]}}