{"id":48412,"date":"2019-11-17T10:01:28","date_gmt":"2019-11-17T13:01:28","guid":{"rendered":"http:\/\/blogdoedvaldomagalhaes.com.br\/?p=48412"},"modified":"2019-11-17T21:45:07","modified_gmt":"2019-11-18T00:45:07","slug":"tentativa-de-assalto-na-br-232-deixa-tres-mortos","status":"publish","type":"post","link":"https:\/\/blogdoedvaldomagalhaes.com.br\/index.php\/2019\/11\/17\/tentativa-de-assalto-na-br-232-deixa-tres-mortos\/","title":{"rendered":"Tentativa de assalto na BR-232 deixa tr\u00eas mortos"},"content":{"rendered":"<p style=\"text-align: justify;\">Por volta das 4h40 da manh\u00e3, no quil\u00f4metro 94,5 da BR 232, em Sair\u00e9, cinco homens que estavam em uma caminhonete (Strada) tentaram assaltar uma Kombi que havia sa\u00eddo de Moreno em dire\u00e7\u00e3o a feira da sulanca em Santa Cruz do Capibaribe.<\/p>\n<p style=\"text-align: justify;\">De acordo com os passageiros, havia tr\u00eas assaltantes na ca\u00e7amba da caminhonete e dois assaltantes dentro do ve\u00edculo. Eles atiraram na Kombi e acertaram o ombro do motorista, que perdeu o controle do ve\u00edculo e colidiu na lateral da caminhonete. A Kombi foi parar no canteiro central da rodovia e a caminhonete saiu da rodovia.<\/p>\n<p style=\"text-align: justify;\">Um dos assaltantes que estava na ca\u00e7amba da caminhonete faleceu no local. Outro assaltante faleceu a caminho do hospital e o terceiro foi socorrido para o hospital de Bezerros. O motorista e o passageiro da caminhonete fugiram.<\/p>\n<p style=\"text-align: justify;\">O motorista da Kombi, La\u00e9rcio Barbosa da Silva, de 54 anos de idade, residente em Moreno, tamb\u00e9m faleceu no local. Havia oito passageiros na Kombi, duas mulheres arranharam o bra\u00e7o.<\/p>\n<p style=\"text-align: justify;\">O motorista da Kombi estava indo a Santa Cruz do Capibaribe, acompanhado de uma irm\u00e3 e de alguns sobrinhos que iam para a feira da sulanca fazer compras e os marginais emparelharam o ve\u00edculo que viajavam uma picape Fiat Strada branca e sem anunciar o assalto um deles atirou na v\u00edtima que perdeu o controle da dire\u00e7\u00e3o da Kombi.<\/p>\n<p style=\"text-align: justify;\">Os corpos do loteiro e dos dois marginais foram encaminhados para o IML de Caruaru.<\/p>\n\n\n<figure class=\"wp-block-image size-large\"><img loading=\"lazy\" decoding=\"async\" width=\"1024\" height=\"768\" src=\"http:\/\/blogdoedvaldomagalhaes.com.br\/wp-content\/uploads\/2019\/11\/IMG-20191117-WA0025-1024x768.jpg\" alt=\"\" class=\"wp-image-48414\" srcset=\"https:\/\/blogdoedvaldomagalhaes.com.br\/wp-content\/uploads\/2019\/11\/IMG-20191117-WA0025-1024x768.jpg 1024w, https:\/\/blogdoedvaldomagalhaes.com.br\/wp-content\/uploads\/2019\/11\/IMG-20191117-WA0025-300x225.jpg 300w, https:\/\/blogdoedvaldomagalhaes.com.br\/wp-content\/uploads\/2019\/11\/IMG-20191117-WA0025-768x576.jpg 768w, https:\/\/blogdoedvaldomagalhaes.com.br\/wp-content\/uploads\/2019\/11\/IMG-20191117-WA0025-160x120.jpg 160w, https:\/\/blogdoedvaldomagalhaes.com.br\/wp-content\/uploads\/2019\/11\/IMG-20191117-WA0025.jpg 1152w\" sizes=\"auto, (max-width: 1024px) 100vw, 1024px\" \/><\/figure>\n\n\n\n<figure class=\"wp-block-image size-large\"><img loading=\"lazy\" decoding=\"async\" width=\"1024\" height=\"768\" src=\"http:\/\/blogdoedvaldomagalhaes.com.br\/wp-content\/uploads\/2019\/11\/IMG-20191117-WA0023-1024x768.jpg\" alt=\"\" class=\"wp-image-48415\" srcset=\"https:\/\/blogdoedvaldomagalhaes.com.br\/wp-content\/uploads\/2019\/11\/IMG-20191117-WA0023-1024x768.jpg 1024w, https:\/\/blogdoedvaldomagalhaes.com.br\/wp-content\/uploads\/2019\/11\/IMG-20191117-WA0023-300x225.jpg 300w, https:\/\/blogdoedvaldomagalhaes.com.br\/wp-content\/uploads\/2019\/11\/IMG-20191117-WA0023-768x576.jpg 768w, https:\/\/blogdoedvaldomagalhaes.com.br\/wp-content\/uploads\/2019\/11\/IMG-20191117-WA0023-160x120.jpg 160w, https:\/\/blogdoedvaldomagalhaes.com.br\/wp-content\/uploads\/2019\/11\/IMG-20191117-WA0023.jpg 1152w\" sizes=\"auto, (max-width: 1024px) 100vw, 1024px\" \/><\/figure>\n\n\n\n<figure class=\"wp-block-image size-large\"><img loading=\"lazy\" decoding=\"async\" width=\"1024\" height=\"768\" src=\"http:\/\/blogdoedvaldomagalhaes.com.br\/wp-content\/uploads\/2019\/11\/IMG-20191117-WA0024-1024x768.jpg\" alt=\"\" class=\"wp-image-48416\" srcset=\"https:\/\/blogdoedvaldomagalhaes.com.br\/wp-content\/uploads\/2019\/11\/IMG-20191117-WA0024-1024x768.jpg 1024w, https:\/\/blogdoedvaldomagalhaes.com.br\/wp-content\/uploads\/2019\/11\/IMG-20191117-WA0024-300x225.jpg 300w, https:\/\/blogdoedvaldomagalhaes.com.br\/wp-content\/uploads\/2019\/11\/IMG-20191117-WA0024-768x576.jpg 768w, https:\/\/blogdoedvaldomagalhaes.com.br\/wp-content\/uploads\/2019\/11\/IMG-20191117-WA0024-160x120.jpg 160w, https:\/\/blogdoedvaldomagalhaes.com.br\/wp-content\/uploads\/2019\/11\/IMG-20191117-WA0024.jpg 1152w\" sizes=\"auto, (max-width: 1024px) 100vw, 1024px\" \/><figcaption>Informa\u00e7\u00f5es e fotos: PRF<\/figcaption><\/figure>\n","protected":false},"excerpt":{"rendered":"<p>Por volta das 4h40 da manh\u00e3, no quil\u00f4metro 94,5 da BR 232, em Sair\u00e9, cinco homens que estavam em uma&hellip;<\/p>\n","protected":false},"author":1,"featured_media":48413,"comment_status":"open","ping_status":"open","sticky":false,"template":"","format":"standard","meta":{"footnotes":""},"categories":[14121],"tags":[2,16610],"class_list":["post-48412","post","type-post","status-publish","format-standard","has-post-thumbnail","hentry","category-policial","tag-blog-do-edvaldo-magalhaes","tag-tentativa-de-assalto-na-br-232-deixa-tres-mortos"],"_links":{"self":[{"href":"https:\/\/blogdoedvaldomagalhaes.com.br\/index.php\/wp-json\/wp\/v2\/posts\/48412","targetHints":{"allow":["GET"]}}],"collection":[{"href":"https:\/\/blogdoedvaldomagalhaes.com.br\/index.php\/wp-json\/wp\/v2\/posts"}],"about":[{"href":"https:\/\/blogdoedvaldomagalhaes.com.br\/index.php\/wp-json\/wp\/v2\/types\/post"}],"author":[{"embeddable":true,"href":"https:\/\/blogdoedvaldomagalhaes.com.br\/index.php\/wp-json\/wp\/v2\/users\/1"}],"replies":[{"embeddable":true,"href":"https:\/\/blogdoedvaldomagalhaes.com.br\/index.php\/wp-json\/wp\/v2\/comments?post=48412"}],"version-history":[{"count":4,"href":"https:\/\/blogdoedvaldomagalhaes.com.br\/index.php\/wp-json\/wp\/v2\/posts\/48412\/revisions"}],"predecessor-version":[{"id":48430,"href":"https:\/\/blogdoedvaldomagalhaes.com.br\/index.php\/wp-json\/wp\/v2\/posts\/48412\/revisions\/48430"}],"wp:featuredmedia":[{"embeddable":true,"href":"https:\/\/blogdoedvaldomagalhaes.com.br\/index.php\/wp-json\/wp\/v2\/media\/48413"}],"wp:attachment":[{"href":"https:\/\/blogdoedvaldomagalhaes.com.br\/index.php\/wp-json\/wp\/v2\/media?parent=48412"}],"wp:term":[{"taxonomy":"category","embeddable":true,"href":"https:\/\/blogdoedvaldomagalhaes.com.br\/index.php\/wp-json\/wp\/v2\/categories?post=48412"},{"taxonomy":"post_tag","embeddable":true,"href":"https:\/\/blogdoedvaldomagalhaes.com.br\/index.php\/wp-json\/wp\/v2\/tags?post=48412"}],"curies":[{"name":"wp","href":"https:\/\/api.w.org\/{rel}","templated":true}]}}