{"id":4828,"date":"2017-09-01T18:21:00","date_gmt":"2017-09-01T21:21:00","guid":{"rendered":"http:\/\/blogdoedvaldomagalhaes.com.br\/index.php\/2017\/09\/01\/morre-no-hra-acusado-de-ter-trocado\/"},"modified":"2019-02-09T01:42:42","modified_gmt":"2019-02-09T03:42:42","slug":"morre-no-hra-acusado-de-ter-trocado","status":"publish","type":"post","link":"https:\/\/blogdoedvaldomagalhaes.com.br\/index.php\/2017\/09\/01\/morre-no-hra-acusado-de-ter-trocado\/","title":{"rendered":"Morre no HRA acusado de ter trocado tiros com o BEPI"},"content":{"rendered":"<div class=\"separator\" style=\"clear: both; text-align: center;\">\n<a href=\"https:\/\/2.bp.blogspot.com\/-Pp9u-daJOMI\/WamlAPBKI5I\/AAAAAAAAdfI\/IuhQTHfo12sWopD5xZ0ZA4FqHcBqkm_YgCLcBGAs\/s1600\/IMG-20170901-WA0234.jpg\" imageanchor=\"1\" style=\"margin-left: 1em; margin-right: 1em;\"><img loading=\"lazy\" decoding=\"async\" border=\"0\" data-original-height=\"1280\" data-original-width=\"720\" height=\"400\" src=\"http:\/\/blogdoedvaldomagalhaes.com.br\/wp-content\/uploads\/2017\/09\/IMG-20170901-WA0234.jpg\" width=\"225\" \/>&nbsp;<\/a><\/div>\n<div class=\"separator\" style=\"clear: both; text-align: center;\">\n<\/div>\n<div class=\"MsoNormal\" style=\"text-align: justify;\">\nNo final da manh\u00e3 desta<br \/>\nsexta-feira (01), ap\u00f3s receber informa\u00e7\u00f5es do NIA (N\u00facleo de Intelig\u00eancia do<br \/>\nAgreste) do 4\u00ba BPM, a respeito de um elemento que estaria armado em uma lota\u00e7\u00e3o<br \/>\nque vinha da cidade de Lajedo para Caruaru, o efetivo do BEPI (Batalh\u00e3o<br \/>\nEspecializado de Policiamento do Interior), fez um bloqueio na BR 232, na entrada<br \/>\ndo S\u00edtio Cip\u00f3 em Caruaru e todas as lota\u00e7\u00f5es que vinham no sentido S\u00e3o<br \/>\nCaetano\/Caruaru estavam sendo abordadas, nisso o motorista de uma dessas<br \/>\nlota\u00e7\u00f5es, informou que um elemento de bon\u00e9, cal\u00e7a e camisa pretas, vinha com<br \/>\nele e teria descido momentos antes no viaduto, de posse dessas informa\u00e7\u00f5es o<br \/>\npoliciamento fez deslocamento na tentativa de localizar o suspeito, sendo<br \/>\nvisualizado as margens da rodovia e ao ver os PMs, sacou sua arma de fogo,<br \/>\nefetuando disparos contra a guarni\u00e7\u00e3o, fugindo em dire\u00e7\u00e3o \u00e0s resid\u00eancias<br \/>\npr\u00f3ximas, para tentar se refugiar entrou em uma das casas e a propriet\u00e1ria saiu<br \/>\ncorrendo pedindo socorro, pelo fato dele estar com a arma em punho.<\/div>\n<div class=\"MsoNormal\" style=\"text-align: justify;\">\n<\/div>\n<div class=\"MsoNormal\" style=\"text-align: justify;\">\nNa tentativa de prender o<br \/>\nmarginal, os policiais cercaram o im\u00f3vel e ao inv\u00e9s de se render ele se protegeu<br \/>\ne voltou a atirar nos PMs que revidaram a altura e atingiram o meliante que<br \/>\nlevou a pior, foi baleado e os pr\u00f3prios policiais o colocaram na viatura e o<br \/>\nsocorreram, levando-o ao Hospital Regional do Agreste, onde ele faleceu quando<br \/>\nrecebia os primeiros socorros. Foi entregue na delegacia de plant\u00e3o um Registro<br \/>\nde Nascimento que o elemento portava no bolso, em nome de Carlos Andr\u00e9 Louren\u00e7o<br \/>\nBarbosa, de 29 anos, al\u00e9m da import\u00e2ncia de R$ 200,00 e um rev\u00f3lver canela<br \/>\nseca, calibre 38 com nove muni\u00e7\u00f5es, sendo tr\u00eas deflagradas e seis intactas.<\/div>\n<div class=\"MsoNormal\" style=\"text-align: justify;\">\n<\/div>\n<div class=\"separator\" style=\"clear: both; text-align: justify;\">\n<\/div>\n<div class=\"MsoNormal\" style=\"text-align: justify;\">\nMesmo morrendo num confronto<br \/>\npolicial, o caso est\u00e1 sendo contabilizado como homic\u00eddio e foi o primeiro do<br \/>\nm\u00eas de setembro, e na soma geral j\u00e1 s\u00e3o 194 assassinatos no ano de 2017. O<br \/>\ncorpo foi encaminhado para o IML local.<\/div>\n","protected":false},"excerpt":{"rendered":"<p>&nbsp; No final da manh\u00e3 desta sexta-feira (01), ap\u00f3s receber informa\u00e7\u00f5es do NIA (N\u00facleo de Intelig\u00eancia do Agreste) do 4\u00ba&hellip;<\/p>\n","protected":false},"author":1,"featured_media":0,"comment_status":"open","ping_status":"open","sticky":false,"template":"","format":"standard","meta":{"footnotes":""},"categories":[1],"tags":[2,3004,6174,13,3855,4668],"class_list":["post-4828","post","type-post","status-publish","format-standard","hentry","category-sem-categoria","tag-blog-do-edvaldo-magalhaes","tag-hospital-regional-de-agreste","tag-morre-no-hra-acusado-de-ter-trocado-tiros-com-o-bepi","tag-policial","tag-sitio-cipo","tag-ultimas-noticias-policiais"],"_links":{"self":[{"href":"https:\/\/blogdoedvaldomagalhaes.com.br\/index.php\/wp-json\/wp\/v2\/posts\/4828","targetHints":{"allow":["GET"]}}],"collection":[{"href":"https:\/\/blogdoedvaldomagalhaes.com.br\/index.php\/wp-json\/wp\/v2\/posts"}],"about":[{"href":"https:\/\/blogdoedvaldomagalhaes.com.br\/index.php\/wp-json\/wp\/v2\/types\/post"}],"author":[{"embeddable":true,"href":"https:\/\/blogdoedvaldomagalhaes.com.br\/index.php\/wp-json\/wp\/v2\/users\/1"}],"replies":[{"embeddable":true,"href":"https:\/\/blogdoedvaldomagalhaes.com.br\/index.php\/wp-json\/wp\/v2\/comments?post=4828"}],"version-history":[{"count":1,"href":"https:\/\/blogdoedvaldomagalhaes.com.br\/index.php\/wp-json\/wp\/v2\/posts\/4828\/revisions"}],"predecessor-version":[{"id":23830,"href":"https:\/\/blogdoedvaldomagalhaes.com.br\/index.php\/wp-json\/wp\/v2\/posts\/4828\/revisions\/23830"}],"wp:attachment":[{"href":"https:\/\/blogdoedvaldomagalhaes.com.br\/index.php\/wp-json\/wp\/v2\/media?parent=4828"}],"wp:term":[{"taxonomy":"category","embeddable":true,"href":"https:\/\/blogdoedvaldomagalhaes.com.br\/index.php\/wp-json\/wp\/v2\/categories?post=4828"},{"taxonomy":"post_tag","embeddable":true,"href":"https:\/\/blogdoedvaldomagalhaes.com.br\/index.php\/wp-json\/wp\/v2\/tags?post=4828"}],"curies":[{"name":"wp","href":"https:\/\/api.w.org\/{rel}","templated":true}]}}