{"id":48272,"date":"2019-11-11T22:40:09","date_gmt":"2019-11-12T01:40:09","guid":{"rendered":"http:\/\/blogdoedvaldomagalhaes.com.br\/?p=48272"},"modified":"2019-11-11T22:44:09","modified_gmt":"2019-11-12T01:44:09","slug":"pagamento-do-13o-vai-injetar-mais-de-r-130-milhoes-na-economia-de-caruaru","status":"publish","type":"post","link":"https:\/\/blogdoedvaldomagalhaes.com.br\/index.php\/2019\/11\/11\/pagamento-do-13o-vai-injetar-mais-de-r-130-milhoes-na-economia-de-caruaru\/","title":{"rendered":"Pagamento do 13\u00ba vai injetar mais de R$ 130 milh\u00f5es na economia de Caruaru"},"content":{"rendered":"<p style=\"text-align: justify;\">O pagamento do 13\u00b0 (d\u00e9cimo terceiro), de 2019, deve injetar na economia de Caruaru, aproximadamente R$ R$ 133 milh\u00f5es, beneficiando algo em torno de 73.500 trabalhadores, somente no mercado formal de trabalho(do setor p\u00fablico e privado)<\/p>\n<p style=\"text-align: justify;\">O setor de servi\u00e7os \u00e9 o setor econ\u00f4mico que mais beneficiar\u00e1 trabalhadores com direito ao 13, representando 35% do total de trabalhadores, seguido pelo com\u00e9rcio com 29%, em terceiro a ind\u00fastria de transforma\u00e7\u00e3o com 16% e em quarto a administra\u00e7\u00e3o p\u00fablica com 14%<\/p>\n<p style=\"text-align: justify;\">O prazo para pagamento da 1^(primeira) parcela termina no dia 30,<\/p>\n<p style=\"text-align: justify;\">E a 2^(segunda) dever\u00e1 ser paga at\u00e9 o dia 20\/12<\/p>\n<p style=\"text-align: justify;\">A empresa que n\u00e3o observar tais prazos estar\u00e1 sujeita \u00e0 uma multa no valor de R$ 170 por cada empregado prejudicado.<\/p>\n","protected":false},"excerpt":{"rendered":"<p>O pagamento do 13\u00b0 (d\u00e9cimo terceiro), de 2019, deve injetar na economia de Caruaru, aproximadamente R$ R$ 133 milh\u00f5es, beneficiando&hellip;<\/p>\n","protected":false},"author":1,"featured_media":48273,"comment_status":"open","ping_status":"open","sticky":false,"template":"","format":"standard","meta":{"footnotes":""},"categories":[14120],"tags":[2,16581],"class_list":["post-48272","post","type-post","status-publish","format-standard","has-post-thumbnail","hentry","category-noticias","tag-blog-do-edvaldo-magalhaes","tag-pagamento-do-13o-vai-injetar-mais-de-r-130-milhoes-na-economia-de-caruaru"],"_links":{"self":[{"href":"https:\/\/blogdoedvaldomagalhaes.com.br\/index.php\/wp-json\/wp\/v2\/posts\/48272","targetHints":{"allow":["GET"]}}],"collection":[{"href":"https:\/\/blogdoedvaldomagalhaes.com.br\/index.php\/wp-json\/wp\/v2\/posts"}],"about":[{"href":"https:\/\/blogdoedvaldomagalhaes.com.br\/index.php\/wp-json\/wp\/v2\/types\/post"}],"author":[{"embeddable":true,"href":"https:\/\/blogdoedvaldomagalhaes.com.br\/index.php\/wp-json\/wp\/v2\/users\/1"}],"replies":[{"embeddable":true,"href":"https:\/\/blogdoedvaldomagalhaes.com.br\/index.php\/wp-json\/wp\/v2\/comments?post=48272"}],"version-history":[{"count":2,"href":"https:\/\/blogdoedvaldomagalhaes.com.br\/index.php\/wp-json\/wp\/v2\/posts\/48272\/revisions"}],"predecessor-version":[{"id":48275,"href":"https:\/\/blogdoedvaldomagalhaes.com.br\/index.php\/wp-json\/wp\/v2\/posts\/48272\/revisions\/48275"}],"wp:featuredmedia":[{"embeddable":true,"href":"https:\/\/blogdoedvaldomagalhaes.com.br\/index.php\/wp-json\/wp\/v2\/media\/48273"}],"wp:attachment":[{"href":"https:\/\/blogdoedvaldomagalhaes.com.br\/index.php\/wp-json\/wp\/v2\/media?parent=48272"}],"wp:term":[{"taxonomy":"category","embeddable":true,"href":"https:\/\/blogdoedvaldomagalhaes.com.br\/index.php\/wp-json\/wp\/v2\/categories?post=48272"},{"taxonomy":"post_tag","embeddable":true,"href":"https:\/\/blogdoedvaldomagalhaes.com.br\/index.php\/wp-json\/wp\/v2\/tags?post=48272"}],"curies":[{"name":"wp","href":"https:\/\/api.w.org\/{rel}","templated":true}]}}