{"id":4823,"date":"2017-09-02T01:08:00","date_gmt":"2017-09-02T04:08:00","guid":{"rendered":"http:\/\/blogdoedvaldomagalhaes.com.br\/index.php\/2017\/09\/02\/deputados-de-oposicao-visitam-caruaru\/"},"modified":"2019-02-09T01:42:46","modified_gmt":"2019-02-09T03:42:46","slug":"deputados-de-oposicao-visitam-caruaru","status":"publish","type":"post","link":"https:\/\/blogdoedvaldomagalhaes.com.br\/index.php\/2017\/09\/02\/deputados-de-oposicao-visitam-caruaru\/","title":{"rendered":"Deputados de Oposi\u00e7\u00e3o visitam Caruaru com o Pernambuco de Verdade"},"content":{"rendered":"<div class=\"separator\" style=\"clear: both; text-align: center;\">\n<a href=\"https:\/\/4.bp.blogspot.com\/-e3nv6c9edUo\/WaoEbSoYn4I\/AAAAAAAAdhs\/Jn8FxCM0388Kijcl16yFWIzXZkAr3_ypwCLcBGAs\/s1600\/oposi%25C3%25A7%25C3%25A3o.jpeg\" imageanchor=\"1\" style=\"margin-left: 1em; margin-right: 1em;\"><img loading=\"lazy\" decoding=\"async\" border=\"0\" data-original-height=\"428\" data-original-width=\"640\" height=\"266\" src=\"http:\/\/blogdoedvaldomagalhaes.com.br\/wp-content\/uploads\/2017\/09\/oposiC3A7C3A3o.jpeg\" width=\"400\" \/><\/a><\/div>\n<div class=\"MsoNormal\" style=\"text-align: justify;\">\n<\/div>\n<div class=\"MsoNormal\" style=\"text-align: justify;\">\nA Bancada de Oposi\u00e7\u00e3o na<br \/>\nAssembleia Legislativa de Pernambuco leva, nesta segunda-feira (4), o<br \/>\nPernambuco de Verdade ao Agreste Central do Estado, cumprindo agenda de visitas<br \/>\na obras paradas e equipamentos p\u00fablicos da regi\u00e3o. Esta ser\u00e1 a sexta edi\u00e7\u00e3o do<br \/>\nprograma, que j\u00e1 passou por mais de 50 cidades de Pernambuco no Zona da Mata<br \/>\nNorte, Agreste Meridional, Agreste Setentrional, Sert\u00e3o do Moxot\u00f3, Sert\u00e3o do<br \/>\nPaje\u00fa e Sert\u00e3o do Araripe.<\/div>\n<div class=\"MsoNormal\" style=\"text-align: justify;\">\n<\/div>\n<div class=\"MsoNormal\" style=\"text-align: justify;\">\n\u201cDa \u00faltima vez que estivemos<br \/>\nno Agreste Central, sa\u00edmos bastante preocupados com os servi\u00e7os prestados \u00e0<br \/>\npopula\u00e7\u00e3o, sobretudo na \u00e1rea de sa\u00fade, com problemas grav\u00edssimos de<br \/>\nInfraestrutura no Hospital Regional do Agreste e a Funda\u00e7\u00e3o Altino Ventura amea\u00e7ando<br \/>\nentregar a administra\u00e7\u00e3o do Mestre Vitalino, por atrasos nos repasses por parte<br \/>\ndo Governo do Estado\u201d, recordou o deputado Silvio Costa Filho (PRB), l\u00edder da<br \/>\nBancada de Oposi\u00e7\u00e3o, lembrando que a visitas \u00e0s microrregi\u00f5es do Estado tiveram<br \/>\nin\u00edcio ainda em 2015.<\/div>\n<div class=\"MsoNormal\" style=\"text-align: justify;\">\n<\/div>\n<div class=\"MsoNormal\" style=\"text-align: justify;\">\nNesta edi\u00e7\u00e3o, al\u00e9m da agenda<br \/>\nde visitas, os deputados oposicionistas ter\u00e3o encontros com lideran\u00e7as<br \/>\nempresariais e pol\u00edticas da regi\u00e3o, sobretudo em Caruaru, e \u00e0 noite v\u00e3o<br \/>\nrealizar uma audi\u00eancia p\u00fablica na C\u00e2mara Municipal, onde devem colher queixas e<br \/>\nsugest\u00f5es de representantes dos movimentos sociais, estudantis, sindicatos e<br \/>\nmovimentos populares.<\/div>\n<div class=\"MsoNormal\" style=\"text-align: justify;\">\n<\/div>\n<p><\/p>\n<div class=\"MsoNormal\" style=\"text-align: justify;\">\nOs deputados da Oposi\u00e7\u00e3o<br \/>\nprogramam ainda visitas \u00e0s regi\u00f5es do Sert\u00e3o do S\u00e3o Francisco, Zona da Mata Sul<br \/>\ne Regi\u00e3o Metropolitana do Recife, entre os meses de setembro e outubro. Ao<br \/>\nfinal dos encontros, ser\u00e1 apresentado um relat\u00f3rio com o diagn\u00f3stico dos<br \/>\nprincipais problemas enfrentados pelos pernambucanos.<\/div>\n","protected":false},"excerpt":{"rendered":"<p>A Bancada de Oposi\u00e7\u00e3o na Assembleia Legislativa de Pernambuco leva, nesta segunda-feira (4), o Pernambuco de Verdade ao Agreste Central&hellip;<\/p>\n","protected":false},"author":1,"featured_media":0,"comment_status":"open","ping_status":"open","sticky":false,"template":"","format":"standard","meta":{"footnotes":""},"categories":[1],"tags":[2,6161,20,6162],"class_list":["post-4823","post","type-post","status-publish","format-standard","hentry","category-sem-categoria","tag-blog-do-edvaldo-magalhaes","tag-deputados-de-oposicao-visitam-caruaru-com-o-pernambuco-de-verdade","tag-politica","tag-silvio-costa-filho"],"_links":{"self":[{"href":"https:\/\/blogdoedvaldomagalhaes.com.br\/index.php\/wp-json\/wp\/v2\/posts\/4823","targetHints":{"allow":["GET"]}}],"collection":[{"href":"https:\/\/blogdoedvaldomagalhaes.com.br\/index.php\/wp-json\/wp\/v2\/posts"}],"about":[{"href":"https:\/\/blogdoedvaldomagalhaes.com.br\/index.php\/wp-json\/wp\/v2\/types\/post"}],"author":[{"embeddable":true,"href":"https:\/\/blogdoedvaldomagalhaes.com.br\/index.php\/wp-json\/wp\/v2\/users\/1"}],"replies":[{"embeddable":true,"href":"https:\/\/blogdoedvaldomagalhaes.com.br\/index.php\/wp-json\/wp\/v2\/comments?post=4823"}],"version-history":[{"count":1,"href":"https:\/\/blogdoedvaldomagalhaes.com.br\/index.php\/wp-json\/wp\/v2\/posts\/4823\/revisions"}],"predecessor-version":[{"id":23843,"href":"https:\/\/blogdoedvaldomagalhaes.com.br\/index.php\/wp-json\/wp\/v2\/posts\/4823\/revisions\/23843"}],"wp:attachment":[{"href":"https:\/\/blogdoedvaldomagalhaes.com.br\/index.php\/wp-json\/wp\/v2\/media?parent=4823"}],"wp:term":[{"taxonomy":"category","embeddable":true,"href":"https:\/\/blogdoedvaldomagalhaes.com.br\/index.php\/wp-json\/wp\/v2\/categories?post=4823"},{"taxonomy":"post_tag","embeddable":true,"href":"https:\/\/blogdoedvaldomagalhaes.com.br\/index.php\/wp-json\/wp\/v2\/tags?post=4823"}],"curies":[{"name":"wp","href":"https:\/\/api.w.org\/{rel}","templated":true}]}}