{"id":48202,"date":"2019-11-09T09:52:28","date_gmt":"2019-11-09T12:52:28","guid":{"rendered":"http:\/\/blogdoedvaldomagalhaes.com.br\/?p=48202"},"modified":"2019-11-09T11:20:48","modified_gmt":"2019-11-09T14:20:48","slug":"acidentes-em-rodovias-federais-de-pernambuco-deixam-2-mortos-e-9-feridos","status":"publish","type":"post","link":"https:\/\/blogdoedvaldomagalhaes.com.br\/index.php\/2019\/11\/09\/acidentes-em-rodovias-federais-de-pernambuco-deixam-2-mortos-e-9-feridos\/","title":{"rendered":"Acidentes em rodovias de Pernambuco deixam 2 mortos e 9 feridos"},"content":{"rendered":"<p style=\"text-align: justify;\">A Pol\u00edcia Rodovi\u00e1ria Federal (PRF) registrou 6 acidentes no plant\u00e3o desta sexta-feira (08), em rodovias federais de Pernambuco. As colis\u00f5es envolveram 10 ve\u00edculos. Duas pessoas morreram e 9 ficaram feridas.<\/p>\n<p style=\"text-align: justify;\">Na BR-232, em\u00a0<strong>S\u00e3o Caetano<\/strong>, uma mulher morreu atropelada. Edjane Barbosa da Silva, 51 anos, morava no bairro Jos\u00e9 Carlos de Oliveira, em Caruaru. Segundo familiares, a v\u00edtima costumava sair sem rumo para ingerir bebida alco\u00f3lica. Na mesma rodovia, em Vit\u00f3ria de Santo Ant\u00e3o, um agricultor morreu tamb\u00e9m atropelado.<\/p>\n<p style=\"text-align: justify;\">Na PE-90 (que \u00e9 uma rodovia estadual) em <strong>Vertentes<\/strong>, uma colis\u00e3o entre dois carros resultou na morte de Paulo Henrique Moura dos Santos, 39 anos. Ele conduzia um Gol e ao tentar ultrapassar um caminh\u00e3o bateu de frente com um ve\u00edculo Hilux. Um casal ficou ferido e foi socorrido.<\/p>\n<p style=\"text-align: justify;\">Em\u00a0<strong>Arcoverde<\/strong>, no Sert\u00e3o, um homem n\u00e3o identificado morreu ap\u00f3s cair de uma moto. Ele era garupa da motocicleta e o condutor fugiu. Segundo a pol\u00edcia, a moto tinha sido roubada no dia 3 de novembro.<\/p>\n<p>Fonte: R\u00e1dio Liberdade.<\/p>\n<p>Foto: Reprodu\u00e7\u00e3o\/WhatsApp.<\/p>\n\n\n<p><\/p>\n","protected":false},"excerpt":{"rendered":"<p>A Pol\u00edcia Rodovi\u00e1ria Federal (PRF) registrou 6 acidentes no plant\u00e3o desta sexta-feira (08), em rodovias federais de Pernambuco. As colis\u00f5es&hellip;<\/p>\n","protected":false},"author":1,"featured_media":48203,"comment_status":"open","ping_status":"open","sticky":false,"template":"","format":"standard","meta":{"footnotes":""},"categories":[1],"tags":[16564,2],"class_list":["post-48202","post","type-post","status-publish","format-standard","has-post-thumbnail","hentry","category-sem-categoria","tag-acidentes-em-rodovias-federais-de-pernambuco-deixam-2-mortos-e-9-feridos","tag-blog-do-edvaldo-magalhaes"],"_links":{"self":[{"href":"https:\/\/blogdoedvaldomagalhaes.com.br\/index.php\/wp-json\/wp\/v2\/posts\/48202","targetHints":{"allow":["GET"]}}],"collection":[{"href":"https:\/\/blogdoedvaldomagalhaes.com.br\/index.php\/wp-json\/wp\/v2\/posts"}],"about":[{"href":"https:\/\/blogdoedvaldomagalhaes.com.br\/index.php\/wp-json\/wp\/v2\/types\/post"}],"author":[{"embeddable":true,"href":"https:\/\/blogdoedvaldomagalhaes.com.br\/index.php\/wp-json\/wp\/v2\/users\/1"}],"replies":[{"embeddable":true,"href":"https:\/\/blogdoedvaldomagalhaes.com.br\/index.php\/wp-json\/wp\/v2\/comments?post=48202"}],"version-history":[{"count":2,"href":"https:\/\/blogdoedvaldomagalhaes.com.br\/index.php\/wp-json\/wp\/v2\/posts\/48202\/revisions"}],"predecessor-version":[{"id":48211,"href":"https:\/\/blogdoedvaldomagalhaes.com.br\/index.php\/wp-json\/wp\/v2\/posts\/48202\/revisions\/48211"}],"wp:featuredmedia":[{"embeddable":true,"href":"https:\/\/blogdoedvaldomagalhaes.com.br\/index.php\/wp-json\/wp\/v2\/media\/48203"}],"wp:attachment":[{"href":"https:\/\/blogdoedvaldomagalhaes.com.br\/index.php\/wp-json\/wp\/v2\/media?parent=48202"}],"wp:term":[{"taxonomy":"category","embeddable":true,"href":"https:\/\/blogdoedvaldomagalhaes.com.br\/index.php\/wp-json\/wp\/v2\/categories?post=48202"},{"taxonomy":"post_tag","embeddable":true,"href":"https:\/\/blogdoedvaldomagalhaes.com.br\/index.php\/wp-json\/wp\/v2\/tags?post=48202"}],"curies":[{"name":"wp","href":"https:\/\/api.w.org\/{rel}","templated":true}]}}