{"id":48057,"date":"2019-11-05T19:56:37","date_gmt":"2019-11-05T22:56:37","guid":{"rendered":"http:\/\/blogdoedvaldomagalhaes.com.br\/?p=48057"},"modified":"2019-11-05T20:01:14","modified_gmt":"2019-11-05T23:01:14","slug":"sistema-digital-de-emissao-de-rg-no-expresso-cidadao-em-caruaru","status":"publish","type":"post","link":"https:\/\/blogdoedvaldomagalhaes.com.br\/index.php\/2019\/11\/05\/sistema-digital-de-emissao-de-rg-no-expresso-cidadao-em-caruaru\/","title":{"rendered":"Sistema digital de emiss\u00e3o de RG no Expresso Cidad\u00e3o em Caruaru"},"content":{"rendered":"<p style=\"text-align: justify;\">O secret\u00e1rio de Defesa Social de Pernambuco, Antonio de P\u00e1dua, est\u00e1 percorrendo esta semana o interior do Estado para avaliar a implanta\u00e7\u00e3o do Sistema ABIS de emiss\u00e3o da nova carteira de identidade. Em Caruaru, a visita ocorreu na manh\u00e3 desta ter\u00e7a-feira (05), no Expresso Cidad\u00e3o, onde o Instituto de Identifica\u00e7\u00e3o Tavares Buril (IITB) j\u00e1 est\u00e1 expedindo o documento pelo novo modelo digital. Estiveram presentes o Chefe de Pol\u00edcia Civil de Pernambuco, Joselito Kehrle, e o deputado estadual, Erick Lessa.<\/p>\n<p style=\"text-align: justify;\">Desde a semana passada, o cidad\u00e3o tira o RG sem sujar as m\u00e3os de tinta em todas as unidades do Expresso Cidad\u00e3o, pois a coleta da impress\u00e3o digital, da fotografia e da assinatura est\u00e1 computadorizado. Al\u00e9m disso, Pernambuco j\u00e1 adotou antecipadamente o novo modelo nacional do documento, que \u00e9 obrigat\u00f3rio no Pa\u00eds apenas a partir de mar\u00e7o de 2020. Na carteira, podem constar mais informa\u00e7\u00f5es, como o n\u00famero do CPF, da Carteira Nacional de Habilita\u00e7\u00e3o (CNH), o t\u00edtulo de eleitor, tipo sangu\u00edneo e se a pessoa tem algum tipo de defici\u00eancia.<\/p>\n<p style=\"text-align: justify;\">Com o Sistema ABIS, o tempo de espera para a entrega da carteira de identidade foi reduzido para de 5 a 15 dias. Antes, era de 10 a 90 dias. Com uma melhor tecnologia, Pernambuco tamb\u00e9m aumentar\u00e1 a capacidade de emiss\u00e3o de 552 mil para 1 milh\u00e3o e 200 mil documentos por ano.<\/p>\n<p style=\"text-align: justify;\">Para marcar uma data no Expresso Cidad\u00e3o ou posto do IITB mais pr\u00f3ximo, basta acessar o site\u00a0<a href=\"http:\/\/www.iitb.pe.gov.br\/\" data-saferedirecturl=\"https:\/\/www.google.com\/url?q=http:\/\/www.iitb.pe.gov.br&amp;source=gmail&amp;ust=1572983964414000&amp;usg=AFQjCNF-xTW0m8fT7OsaUMVxS5pS8s_keg\">www.iitb.pe.gov.br<\/a>\u00a0e clicar na op\u00e7\u00e3o \u201cAgendamento Online\u201d. O link leva o internauta para o novo sistema de marca\u00e7\u00e3o, desenvolvido pela Ag\u00eancia Estadual de Tecnologia da Informa\u00e7\u00e3o (ATI-PE).<\/p>\n<p style=\"text-align: justify;\">No dia agendado, basta apresentar os documentos originais que est\u00e3o listados no site. N\u00e3o \u00e9 necess\u00e1rio fazer c\u00f3pias, porque eles ser\u00e3o escaneados e digitalizados. Tamb\u00e9m n\u00e3o \u00e9 preciso levar foto, pois a fotografia \u00e9 feita na hora, com c\u00e2mera digital.\u00a0<\/p>\n<p style=\"text-align: justify;\">Vale lembrar que o modelo antigo do RG continua valendo: s\u00f3 deve retirar outro quem precisar da 2\u00aa via em diante. Para quem vai obter o documento pela primeira vez, ele \u00e9 gratuito. O Expresso Cidad\u00e3o fica no Caruaru Shopping.<\/p>\n\n\n<figure class=\"wp-block-image\"><img loading=\"lazy\" decoding=\"async\" width=\"1024\" height=\"576\" src=\"http:\/\/blogdoedvaldomagalhaes.com.br\/wp-content\/uploads\/2019\/11\/IMG-20191105-WA0173-1024x576.jpg\" alt=\"\" class=\"wp-image-48059\" srcset=\"https:\/\/blogdoedvaldomagalhaes.com.br\/wp-content\/uploads\/2019\/11\/IMG-20191105-WA0173-1024x576.jpg 1024w, https:\/\/blogdoedvaldomagalhaes.com.br\/wp-content\/uploads\/2019\/11\/IMG-20191105-WA0173-300x169.jpg 300w, https:\/\/blogdoedvaldomagalhaes.com.br\/wp-content\/uploads\/2019\/11\/IMG-20191105-WA0173-768x432.jpg 768w, https:\/\/blogdoedvaldomagalhaes.com.br\/wp-content\/uploads\/2019\/11\/IMG-20191105-WA0173-1140x641.jpg 1140w, https:\/\/blogdoedvaldomagalhaes.com.br\/wp-content\/uploads\/2019\/11\/IMG-20191105-WA0173-720x405.jpg 720w, https:\/\/blogdoedvaldomagalhaes.com.br\/wp-content\/uploads\/2019\/11\/IMG-20191105-WA0173.jpg 1280w\" sizes=\"auto, (max-width: 1024px) 100vw, 1024px\" \/><\/figure>\n\n\n\n<figure class=\"wp-block-image\"><img loading=\"lazy\" decoding=\"async\" width=\"1024\" height=\"576\" src=\"http:\/\/blogdoedvaldomagalhaes.com.br\/wp-content\/uploads\/2019\/11\/IMG-20191105-WA0174-1024x576.jpg\" alt=\"\" class=\"wp-image-48060\" srcset=\"https:\/\/blogdoedvaldomagalhaes.com.br\/wp-content\/uploads\/2019\/11\/IMG-20191105-WA0174-1024x576.jpg 1024w, https:\/\/blogdoedvaldomagalhaes.com.br\/wp-content\/uploads\/2019\/11\/IMG-20191105-WA0174-300x169.jpg 300w, https:\/\/blogdoedvaldomagalhaes.com.br\/wp-content\/uploads\/2019\/11\/IMG-20191105-WA0174-768x432.jpg 768w, https:\/\/blogdoedvaldomagalhaes.com.br\/wp-content\/uploads\/2019\/11\/IMG-20191105-WA0174-1140x641.jpg 1140w, https:\/\/blogdoedvaldomagalhaes.com.br\/wp-content\/uploads\/2019\/11\/IMG-20191105-WA0174-720x405.jpg 720w, https:\/\/blogdoedvaldomagalhaes.com.br\/wp-content\/uploads\/2019\/11\/IMG-20191105-WA0174.jpg 1280w\" sizes=\"auto, (max-width: 1024px) 100vw, 1024px\" \/><figcaption>Joselito Kehrle, Ant\u00f4nio de P\u00e1dua e Erick Lessa<\/figcaption><\/figure>\n","protected":false},"excerpt":{"rendered":"<p>O secret\u00e1rio de Defesa Social de Pernambuco, Antonio de P\u00e1dua, est\u00e1 percorrendo esta semana o interior do Estado para avaliar&hellip;<\/p>\n","protected":false},"author":1,"featured_media":48058,"comment_status":"open","ping_status":"open","sticky":false,"template":"","format":"standard","meta":{"footnotes":""},"categories":[14120],"tags":[2,16530],"class_list":["post-48057","post","type-post","status-publish","format-standard","has-post-thumbnail","hentry","category-noticias","tag-blog-do-edvaldo-magalhaes","tag-sistema-digital-de-emissao-de-rg-no-expresso-cidadao-em-caruaru"],"_links":{"self":[{"href":"https:\/\/blogdoedvaldomagalhaes.com.br\/index.php\/wp-json\/wp\/v2\/posts\/48057","targetHints":{"allow":["GET"]}}],"collection":[{"href":"https:\/\/blogdoedvaldomagalhaes.com.br\/index.php\/wp-json\/wp\/v2\/posts"}],"about":[{"href":"https:\/\/blogdoedvaldomagalhaes.com.br\/index.php\/wp-json\/wp\/v2\/types\/post"}],"author":[{"embeddable":true,"href":"https:\/\/blogdoedvaldomagalhaes.com.br\/index.php\/wp-json\/wp\/v2\/users\/1"}],"replies":[{"embeddable":true,"href":"https:\/\/blogdoedvaldomagalhaes.com.br\/index.php\/wp-json\/wp\/v2\/comments?post=48057"}],"version-history":[{"count":2,"href":"https:\/\/blogdoedvaldomagalhaes.com.br\/index.php\/wp-json\/wp\/v2\/posts\/48057\/revisions"}],"predecessor-version":[{"id":48062,"href":"https:\/\/blogdoedvaldomagalhaes.com.br\/index.php\/wp-json\/wp\/v2\/posts\/48057\/revisions\/48062"}],"wp:featuredmedia":[{"embeddable":true,"href":"https:\/\/blogdoedvaldomagalhaes.com.br\/index.php\/wp-json\/wp\/v2\/media\/48058"}],"wp:attachment":[{"href":"https:\/\/blogdoedvaldomagalhaes.com.br\/index.php\/wp-json\/wp\/v2\/media?parent=48057"}],"wp:term":[{"taxonomy":"category","embeddable":true,"href":"https:\/\/blogdoedvaldomagalhaes.com.br\/index.php\/wp-json\/wp\/v2\/categories?post=48057"},{"taxonomy":"post_tag","embeddable":true,"href":"https:\/\/blogdoedvaldomagalhaes.com.br\/index.php\/wp-json\/wp\/v2\/tags?post=48057"}],"curies":[{"name":"wp","href":"https:\/\/api.w.org\/{rel}","templated":true}]}}