{"id":48050,"date":"2019-11-05T16:44:43","date_gmt":"2019-11-05T19:44:43","guid":{"rendered":"http:\/\/blogdoedvaldomagalhaes.com.br\/?p=48050"},"modified":"2019-11-05T16:44:46","modified_gmt":"2019-11-05T19:44:46","slug":"divulgadas-atracoes-do-3-festival-de-violeiros-ivanildo-vila-nova","status":"publish","type":"post","link":"https:\/\/blogdoedvaldomagalhaes.com.br\/index.php\/2019\/11\/05\/divulgadas-atracoes-do-3-festival-de-violeiros-ivanildo-vila-nova\/","title":{"rendered":"Divulgadas atra\u00e7\u00f5es do 3\u00b0 Festival de Violeiros Ivanildo Vila Nova"},"content":{"rendered":"<p style=\"text-align: justify;\"><span style=\"font-size: inherit;\">O III Festival de Violeiros Ivanildo Vila Nova ser\u00e1 realizado pela Prefeitura de Caruaru no dia 24 de novembro, atrav\u00e9s da Funda\u00e7\u00e3o de Cultura e Turismo (FCTC). O evento come\u00e7ar\u00e1 a partir das 16h na Pra\u00e7a Chico Porto e ir\u00e1 reunir mais de 15 poetas. A apresenta\u00e7\u00e3o ser\u00e1 de H\u00e9rlon Cavalcanti e a comiss\u00e3o julgadora ser\u00e1 formada por integrantes da Academia Caruaruense de Literatura de Cordel (ACLC). O acesso \u00e9 gratuito.<\/span><\/p>\n<p style=\"text-align: justify;\">A Pra\u00e7a Chico Porto, que j\u00e1 foi palco de v\u00e1rios festivais de poetas, vai receber os melhores repentistas e declamadores de Caruaru e regi\u00e3o. Participam as duplas: Edmilson Ferreira e Antonio Lisboa; Daniel Olimpio e Edvaldo Zuzu; Jo\u00e3o L\u00eddio e Luciano Leonel; Severino Feitosa e Z\u00e9 Carlos do Paje\u00fa; Raimundo Caetano e Raulino Silva; Iponax Vila Nova e Jeferson Mois\u00e9s; al\u00e9m dos poetas emboladores Curi\u00f3 de Bela Rosa; Barra Mansa; Caetano da Ingazeira. Ivanildo Vila Nova far\u00e1 uma participa\u00e7\u00e3o especial.<\/p>\n<p style=\"text-align: justify;\">O festival foi criado em 2017 pela atual gest\u00e3o da Prefeitura de Caruaru, atrav\u00e9s da FCTC, como parte da promo\u00e7\u00e3o da cultura popular. O nome do festival homenageia Ivanildo Vila Nova, um poeta repentista dos mais importantes da hist\u00f3ria da cantoria e filho de Caruaru.<\/p>\n\n\n<figure class=\"wp-block-image\"><img loading=\"lazy\" decoding=\"async\" width=\"1024\" height=\"1024\" src=\"http:\/\/blogdoedvaldomagalhaes.com.br\/wp-content\/uploads\/2019\/11\/IMG-20191105-WA0135-1024x1024.jpg\" alt=\"\" class=\"wp-image-48052\" srcset=\"https:\/\/blogdoedvaldomagalhaes.com.br\/wp-content\/uploads\/2019\/11\/IMG-20191105-WA0135-1024x1024.jpg 1024w, https:\/\/blogdoedvaldomagalhaes.com.br\/wp-content\/uploads\/2019\/11\/IMG-20191105-WA0135-150x150.jpg 150w, https:\/\/blogdoedvaldomagalhaes.com.br\/wp-content\/uploads\/2019\/11\/IMG-20191105-WA0135-300x300.jpg 300w, https:\/\/blogdoedvaldomagalhaes.com.br\/wp-content\/uploads\/2019\/11\/IMG-20191105-WA0135-768x768.jpg 768w, https:\/\/blogdoedvaldomagalhaes.com.br\/wp-content\/uploads\/2019\/11\/IMG-20191105-WA0135.jpg 1280w\" sizes=\"auto, (max-width: 1024px) 100vw, 1024px\" \/><\/figure>\n","protected":false},"excerpt":{"rendered":"<p>O III Festival de Violeiros Ivanildo Vila Nova ser\u00e1 realizado pela Prefeitura de Caruaru no dia 24 de novembro, atrav\u00e9s&hellip;<\/p>\n","protected":false},"author":1,"featured_media":48051,"comment_status":"open","ping_status":"open","sticky":false,"template":"","format":"standard","meta":{"footnotes":""},"categories":[14120],"tags":[2,16528],"class_list":["post-48050","post","type-post","status-publish","format-standard","has-post-thumbnail","hentry","category-noticias","tag-blog-do-edvaldo-magalhaes","tag-divulgadas-atracoes-do-3-festival-de-violeiros-ivanildo-vila-nova"],"_links":{"self":[{"href":"https:\/\/blogdoedvaldomagalhaes.com.br\/index.php\/wp-json\/wp\/v2\/posts\/48050","targetHints":{"allow":["GET"]}}],"collection":[{"href":"https:\/\/blogdoedvaldomagalhaes.com.br\/index.php\/wp-json\/wp\/v2\/posts"}],"about":[{"href":"https:\/\/blogdoedvaldomagalhaes.com.br\/index.php\/wp-json\/wp\/v2\/types\/post"}],"author":[{"embeddable":true,"href":"https:\/\/blogdoedvaldomagalhaes.com.br\/index.php\/wp-json\/wp\/v2\/users\/1"}],"replies":[{"embeddable":true,"href":"https:\/\/blogdoedvaldomagalhaes.com.br\/index.php\/wp-json\/wp\/v2\/comments?post=48050"}],"version-history":[{"count":1,"href":"https:\/\/blogdoedvaldomagalhaes.com.br\/index.php\/wp-json\/wp\/v2\/posts\/48050\/revisions"}],"predecessor-version":[{"id":48053,"href":"https:\/\/blogdoedvaldomagalhaes.com.br\/index.php\/wp-json\/wp\/v2\/posts\/48050\/revisions\/48053"}],"wp:featuredmedia":[{"embeddable":true,"href":"https:\/\/blogdoedvaldomagalhaes.com.br\/index.php\/wp-json\/wp\/v2\/media\/48051"}],"wp:attachment":[{"href":"https:\/\/blogdoedvaldomagalhaes.com.br\/index.php\/wp-json\/wp\/v2\/media?parent=48050"}],"wp:term":[{"taxonomy":"category","embeddable":true,"href":"https:\/\/blogdoedvaldomagalhaes.com.br\/index.php\/wp-json\/wp\/v2\/categories?post=48050"},{"taxonomy":"post_tag","embeddable":true,"href":"https:\/\/blogdoedvaldomagalhaes.com.br\/index.php\/wp-json\/wp\/v2\/tags?post=48050"}],"curies":[{"name":"wp","href":"https:\/\/api.w.org\/{rel}","templated":true}]}}