{"id":48047,"date":"2019-11-05T16:25:50","date_gmt":"2019-11-05T19:25:50","guid":{"rendered":"http:\/\/blogdoedvaldomagalhaes.com.br\/?p=48047"},"modified":"2019-11-05T16:25:54","modified_gmt":"2019-11-05T19:25:54","slug":"pm-prende-casal-suspeito-de-assaltos-em-agrestina","status":"publish","type":"post","link":"https:\/\/blogdoedvaldomagalhaes.com.br\/index.php\/2019\/11\/05\/pm-prende-casal-suspeito-de-assaltos-em-agrestina\/","title":{"rendered":"PM prende casal suspeito de assaltos em Agrestina"},"content":{"rendered":"<p style=\"text-align: justify;\">Na noite dessa segunda-feira (05), policiais militares do 4\u00ba BPM, o Batalh\u00e3o Barreto de Menezes, prenderam um homem e apreenderam uma adolescente, de apenas 14 anos, no Centro de Agrestina, apontados como respons\u00e1veis pela pr\u00e1tica de roubos a m\u00e3o armada. O efetivo foi informado por populares que o casal estava circulando em um Corsa verde, j\u00e1 havia assaltado v\u00e1rios transeuntes e, de imediato, deu in\u00edcio a dilig\u00eancias, localizando e detendo os suspeitos.<\/p>\n<p style=\"text-align: justify;\">Ap\u00f3s a captura, foi descoberto que o casal veio de Cupira, tamb\u00e9m no Agreste pernambucano, e estava na cidade com o objetivo apenas de praticar os crimes. Com ele foram apreendidos um rev\u00f3lver calibre 32 e nove muni\u00e7\u00f5es intactas, al\u00e9m de tr\u00eas pinadas, o ve\u00edculo utilizado nos assaltos, R$ 164,00 em esp\u00e9cie, uma corrente de prata, um rel\u00f3gio e cinco celulares. Todo o material e a dupla foram encaminhados para a Delegacia de Pol\u00edcia Civil de Bezerros, para a tomada das medidas cab\u00edveis.<\/p>\n","protected":false},"excerpt":{"rendered":"<p>Na noite dessa segunda-feira (05), policiais militares do 4\u00ba BPM, o Batalh\u00e3o Barreto de Menezes, prenderam um homem e apreenderam&hellip;<\/p>\n","protected":false},"author":1,"featured_media":48048,"comment_status":"open","ping_status":"open","sticky":false,"template":"","format":"standard","meta":{"footnotes":""},"categories":[14121],"tags":[2,16527],"class_list":["post-48047","post","type-post","status-publish","format-standard","has-post-thumbnail","hentry","category-policial","tag-blog-do-edvaldo-magalhaes","tag-pm-prende-casal-suspeito-de-assaltos-em-agrestina"],"_links":{"self":[{"href":"https:\/\/blogdoedvaldomagalhaes.com.br\/index.php\/wp-json\/wp\/v2\/posts\/48047","targetHints":{"allow":["GET"]}}],"collection":[{"href":"https:\/\/blogdoedvaldomagalhaes.com.br\/index.php\/wp-json\/wp\/v2\/posts"}],"about":[{"href":"https:\/\/blogdoedvaldomagalhaes.com.br\/index.php\/wp-json\/wp\/v2\/types\/post"}],"author":[{"embeddable":true,"href":"https:\/\/blogdoedvaldomagalhaes.com.br\/index.php\/wp-json\/wp\/v2\/users\/1"}],"replies":[{"embeddable":true,"href":"https:\/\/blogdoedvaldomagalhaes.com.br\/index.php\/wp-json\/wp\/v2\/comments?post=48047"}],"version-history":[{"count":1,"href":"https:\/\/blogdoedvaldomagalhaes.com.br\/index.php\/wp-json\/wp\/v2\/posts\/48047\/revisions"}],"predecessor-version":[{"id":48049,"href":"https:\/\/blogdoedvaldomagalhaes.com.br\/index.php\/wp-json\/wp\/v2\/posts\/48047\/revisions\/48049"}],"wp:featuredmedia":[{"embeddable":true,"href":"https:\/\/blogdoedvaldomagalhaes.com.br\/index.php\/wp-json\/wp\/v2\/media\/48048"}],"wp:attachment":[{"href":"https:\/\/blogdoedvaldomagalhaes.com.br\/index.php\/wp-json\/wp\/v2\/media?parent=48047"}],"wp:term":[{"taxonomy":"category","embeddable":true,"href":"https:\/\/blogdoedvaldomagalhaes.com.br\/index.php\/wp-json\/wp\/v2\/categories?post=48047"},{"taxonomy":"post_tag","embeddable":true,"href":"https:\/\/blogdoedvaldomagalhaes.com.br\/index.php\/wp-json\/wp\/v2\/tags?post=48047"}],"curies":[{"name":"wp","href":"https:\/\/api.w.org\/{rel}","templated":true}]}}