{"id":48041,"date":"2019-11-04T23:37:24","date_gmt":"2019-11-05T02:37:24","guid":{"rendered":"http:\/\/blogdoedvaldomagalhaes.com.br\/?p=48041"},"modified":"2019-11-04T23:53:23","modified_gmt":"2019-11-05T02:53:23","slug":"pf-prende-em-caruaru-suspeito-de-participar-de-assalto-no-aeroporto-de-guarulhos-sp","status":"publish","type":"post","link":"https:\/\/blogdoedvaldomagalhaes.com.br\/index.php\/2019\/11\/04\/pf-prende-em-caruaru-suspeito-de-participar-de-assalto-no-aeroporto-de-guarulhos-sp\/","title":{"rendered":"PF prende em Caruaru suspeito de participar de assalto no Aeroporto de Guarulhos-SP"},"content":{"rendered":"<p style=\"text-align: justify;\">A Pol\u00edcia Federal prendeu em flagrante por volta das 22h, desse domingo (03), ANDERSON STRUZIATTO DOS SANTOS, 31 anos, brasileiro, aut\u00f4nomo, casado, natural e residente em S\u00e3o Paulo\/SP e JOS\u00c9 EDMILSON DA SILVA VIANA, 44 anos, brasileiro, motorista, solteiro, natural de Aurora\/CE e residente em S\u00e3o Paulo\/SP. As pris\u00f5es aconteceram em virtude de investiga\u00e7\u00e3o de rotina na \u00e1rea de intelig\u00eancia policial, a qual dava conta de que de um suspeito que tinha contra si um mandado de pris\u00e3o preventiva expedido pela Vara Criminal de Ca\u00e7apava\/SP estaria na Feira da Sulanca em Caruaru\/PE, acompanhado de um segundo comparsa.<\/p>\n<p style=\"text-align: justify;\">De posse dessas informa\u00e7\u00f5es foi montada uma equipe de policiais federais que se dirigiram at\u00e9 o local indicado onde estariam os suspeitos com vistas a identificar e realizar a pris\u00e3o, caso houvesse a confirma\u00e7\u00e3o de alguma ilicitude. A a\u00e7\u00e3o teve seu desfecho, quando os federais ao procederem a abordagem de tr\u00eas suspeitos, dois deles se identificaram com documentos falsos (RG e CNH), raz\u00e3o pela qual foram presos em flagrante e levados at\u00e9 a Delegacia da Pol\u00edcia Federal em Caruaru para os procedimentos de pol\u00edcia judici\u00e1ria, o terceiro foi ouvido em inqu\u00e9rito policial e liberado em virtude de n\u00e3o ter sido comprovada sua participa\u00e7\u00e3o ou envolvimento em crimes.<\/p>\n<p style=\"text-align: justify;\">Terminado os trabalhos ostensivos e tendo sido constatado a exist\u00eancia de crime, os suspeitos receberam voz de pris\u00e3o em flagrante, foram informados dos seus direitos e garantias constitucionais e em seguida, conduzidos para a Delegacia de Pol\u00edcia Federal em Caruaru\/PE, onde acabaram sendo autuados em flagrante pelo crime contido no artigo 304 do C\u00f3digo Penal (Uso de Documento Falso) e caso sejam condenados poder\u00e3o pegar penas que variam de 2 a 6 anos de reclus\u00e3o, al\u00e9m de multa Ap\u00f3s a autua\u00e7\u00e3o, os presos realizaram Exame de Corpo de Delito no IML &#8211; Instituto de Medicina Legal de Caruaru\/PE, foram encaminhados para a audi\u00eancia de cust\u00f3dia, ficando a disposi\u00e7\u00e3o da Justi\u00e7a Federal Foram apreendidos cerca de R$ 270 mil reais (ainda a ser confirmado), U$ 120 d\u00f3lares, 11 (onze) celulares, 01 (um) tablet, R$ 16.500 reais e 01 (uma) m\u00e1quina fotogr\u00e1fica.<\/p>\n<p style=\"text-align: justify;\">Em seu interrogat\u00f3rio, o aut\u00f4nomo que trabalha comprando e vendendo carros disse que chegou em Caruaru, no dia 31\/10\/2019 para comprar um s\u00edtio e passar f\u00e9rias. Por fim disse que estava usando documentos falsos para se esconder da pol\u00edcia paulista por estar sendo v\u00edtima de injusti\u00e7a e que o valor entre R$ 260 e R$ 270 mil reais (ainda ser\u00e1 conferido) \u00e9 fruto de vendas de carros e com esse dinheiro iria comprar um s\u00edtio em Caruaru. J\u00e1 o motorista disse que veio de S\u00e3o Paulo\/SP na companhia do primeiro preso para conhecer o com\u00e9rcio local e comprar algumas mercadorias e que ambos tinham pretens\u00e3o de montar um com\u00e9rcio de roupas em Caruaru, e que iriam voltar para S\u00e3o Paulo\/SP, nesta segunda-feira (04). A pol\u00edcia confirmou o envolvimento do aut\u00f4nomo, em diversas modalidades de assaltos e crimes, e com rela\u00e7\u00e3o a participa\u00e7\u00e3o efetiva dele no epis\u00f3dio do aeroporto de Viracopos, ap\u00f3s alguns procedimentos de identifica\u00e7\u00e3o pericial.<\/p>\n<p style=\"text-align: justify;\">As pris\u00f5es foram anunciadas nesta segunda-feira (04) e confirmadas em audi\u00eancia de cust\u00f3dia em Caruaru. \u00c9 prov\u00e1vel que os suspeitos sejam enviados para S\u00e3o Paulo. V\u00e1rios mandados de pris\u00e3o foram detectados em desfavor dos dois.<\/p>\n<p>Foto: Blog do Edvaldo Magalh\u00e3es\/Arquivo.<\/p>\n","protected":false},"excerpt":{"rendered":"<p>A Pol\u00edcia Federal prendeu em flagrante por volta das 22h, desse domingo (03), ANDERSON STRUZIATTO DOS SANTOS, 31 anos, brasileiro,&hellip;<\/p>\n","protected":false},"author":1,"featured_media":48043,"comment_status":"open","ping_status":"open","sticky":false,"template":"","format":"standard","meta":{"footnotes":""},"categories":[14121],"tags":[2,16526],"class_list":["post-48041","post","type-post","status-publish","format-standard","has-post-thumbnail","hentry","category-policial","tag-blog-do-edvaldo-magalhaes","tag-pf-prende-em-caruaru-suspeito-de-participar-de-assalto-no-aeroporto-de-guarulhos-sp"],"_links":{"self":[{"href":"https:\/\/blogdoedvaldomagalhaes.com.br\/index.php\/wp-json\/wp\/v2\/posts\/48041","targetHints":{"allow":["GET"]}}],"collection":[{"href":"https:\/\/blogdoedvaldomagalhaes.com.br\/index.php\/wp-json\/wp\/v2\/posts"}],"about":[{"href":"https:\/\/blogdoedvaldomagalhaes.com.br\/index.php\/wp-json\/wp\/v2\/types\/post"}],"author":[{"embeddable":true,"href":"https:\/\/blogdoedvaldomagalhaes.com.br\/index.php\/wp-json\/wp\/v2\/users\/1"}],"replies":[{"embeddable":true,"href":"https:\/\/blogdoedvaldomagalhaes.com.br\/index.php\/wp-json\/wp\/v2\/comments?post=48041"}],"version-history":[{"count":4,"href":"https:\/\/blogdoedvaldomagalhaes.com.br\/index.php\/wp-json\/wp\/v2\/posts\/48041\/revisions"}],"predecessor-version":[{"id":48046,"href":"https:\/\/blogdoedvaldomagalhaes.com.br\/index.php\/wp-json\/wp\/v2\/posts\/48041\/revisions\/48046"}],"wp:featuredmedia":[{"embeddable":true,"href":"https:\/\/blogdoedvaldomagalhaes.com.br\/index.php\/wp-json\/wp\/v2\/media\/48043"}],"wp:attachment":[{"href":"https:\/\/blogdoedvaldomagalhaes.com.br\/index.php\/wp-json\/wp\/v2\/media?parent=48041"}],"wp:term":[{"taxonomy":"category","embeddable":true,"href":"https:\/\/blogdoedvaldomagalhaes.com.br\/index.php\/wp-json\/wp\/v2\/categories?post=48041"},{"taxonomy":"post_tag","embeddable":true,"href":"https:\/\/blogdoedvaldomagalhaes.com.br\/index.php\/wp-json\/wp\/v2\/tags?post=48041"}],"curies":[{"name":"wp","href":"https:\/\/api.w.org\/{rel}","templated":true}]}}