{"id":48035,"date":"2019-11-04T22:22:15","date_gmt":"2019-11-05T01:22:15","guid":{"rendered":"http:\/\/blogdoedvaldomagalhaes.com.br\/?p=48035"},"modified":"2019-11-04T22:25:54","modified_gmt":"2019-11-05T01:25:54","slug":"prefeitura-de-caruaru-assina-termo-de-compromisso-com-a-rede-de-governos-locais-pela-sustentabilidade-na-america-do-sul","status":"publish","type":"post","link":"https:\/\/blogdoedvaldomagalhaes.com.br\/index.php\/2019\/11\/04\/prefeitura-de-caruaru-assina-termo-de-compromisso-com-a-rede-de-governos-locais-pela-sustentabilidade-na-america-do-sul\/","title":{"rendered":"Prefeitura de Caruaru assina termo de compromisso com a rede de Governos Locais pela Sustentabilidade na Am\u00e9rica do Sul"},"content":{"rendered":"<p style=\"text-align: justify;\"><span style=\"font-size: inherit;\">ICLEI possui cerca de 1.750 governos comprometidos com o desenvolvimento urbano sustent\u00e1vel.<\/span><\/p>\n<p style=\"text-align: justify;\">A Prefeitura de Caruaru entrou, na manh\u00e3 desta segunda-feira (04), para o seleto grupo de Governos Locais pela Sustentabilidade na Am\u00e9rica do Sul (ICLEI), rede que possui cerca de 1750 governos preocupados com o desenvolvimento sustent\u00e1vel. O termo de ades\u00e3o foi assinado pela prefeita Raquel Lyra, na sala de monitoramento, no pal\u00e1cio Jayme Nejaim. Caruaru \u00e9 o segundo munic\u00edpio de Pernambuco a fazer parte da rede.<\/p>\n<p style=\"text-align: justify;\">&#8220;Com essa ades\u00e3o, a Prefeitura de Caruaru vai se beneficiar de uma s\u00e9rie de oportunidades de treinamentos, participa\u00e7\u00e3o em projetos internacionais, espa\u00e7os em f\u00f3runs nacionais e internacionais relacionados \u00e0 sustentabilidade e a conhecimentos especializados&#8221;, explicou a prefeita.<\/p>\n<p style=\"text-align: justify;\">&#8220;Vamos trabalhar uma pol\u00edtica pragm\u00e1tica, extremamente afinada com os princ\u00edpios globais da sustentabilidade&#8221;, afirmou Rodrigo Perp\u00e9tuo, secret\u00e1rio executivo do ICLEI Am\u00e9rica do Sul.<\/p>\n<p style=\"text-align: justify;\">Sobre o ICLEI &#8211; Governos Locais pela Sustentabilidade \u00e9 uma rede global com mais de 1.750 governos locais e regionais comprometida com o desenvolvimento urbano sustent\u00e1vel. Ativa em mais de cem pa\u00edses, influencia as pol\u00edticas de sustentabilidade e impulsiona a a\u00e7\u00e3o local para o desenvolvimento de baixo carbono, baseado na natureza, equitativo, resiliente e circular. A rede trabalha junto a uma equipe de especialistas oferecendo acesso a conhecimento, parcerias e capacita\u00e7\u00f5es para gerar mudan\u00e7as sist\u00eamicas em prol da sustentabilidade urbana. O ICLEI Am\u00e9rica do Sul conecta seus mais de 75 governos associados em oito pa\u00edses a este movimento global.<\/p>\n\n\n<figure class=\"wp-block-image\"><img loading=\"lazy\" decoding=\"async\" width=\"1024\" height=\"682\" src=\"http:\/\/blogdoedvaldomagalhaes.com.br\/wp-content\/uploads\/2019\/11\/IMG-20191104-WA0085-1024x682.jpg\" alt=\"\" class=\"wp-image-48038\" srcset=\"https:\/\/blogdoedvaldomagalhaes.com.br\/wp-content\/uploads\/2019\/11\/IMG-20191104-WA0085-1024x682.jpg 1024w, https:\/\/blogdoedvaldomagalhaes.com.br\/wp-content\/uploads\/2019\/11\/IMG-20191104-WA0085-300x200.jpg 300w, https:\/\/blogdoedvaldomagalhaes.com.br\/wp-content\/uploads\/2019\/11\/IMG-20191104-WA0085-768x512.jpg 768w, https:\/\/blogdoedvaldomagalhaes.com.br\/wp-content\/uploads\/2019\/11\/IMG-20191104-WA0085.jpg 1280w\" sizes=\"auto, (max-width: 1024px) 100vw, 1024px\" \/><figcaption>Fotos: Jana\u00edna Pepeu<\/figcaption><\/figure>\n","protected":false},"excerpt":{"rendered":"<p>ICLEI possui cerca de 1.750 governos comprometidos com o desenvolvimento urbano sustent\u00e1vel. A Prefeitura de Caruaru entrou, na manh\u00e3 desta&hellip;<\/p>\n","protected":false},"author":1,"featured_media":48036,"comment_status":"open","ping_status":"open","sticky":false,"template":"","format":"standard","meta":{"footnotes":""},"categories":[14122],"tags":[2,16525],"class_list":["post-48035","post","type-post","status-publish","format-standard","has-post-thumbnail","hentry","category-politica","tag-blog-do-edvaldo-magalhaes","tag-prefeitura-de-caruaru-assina-termo-de-compromisso-com-a-rede-de-governos-locais-pela-sustentabilidade-na-america-do-sul"],"_links":{"self":[{"href":"https:\/\/blogdoedvaldomagalhaes.com.br\/index.php\/wp-json\/wp\/v2\/posts\/48035","targetHints":{"allow":["GET"]}}],"collection":[{"href":"https:\/\/blogdoedvaldomagalhaes.com.br\/index.php\/wp-json\/wp\/v2\/posts"}],"about":[{"href":"https:\/\/blogdoedvaldomagalhaes.com.br\/index.php\/wp-json\/wp\/v2\/types\/post"}],"author":[{"embeddable":true,"href":"https:\/\/blogdoedvaldomagalhaes.com.br\/index.php\/wp-json\/wp\/v2\/users\/1"}],"replies":[{"embeddable":true,"href":"https:\/\/blogdoedvaldomagalhaes.com.br\/index.php\/wp-json\/wp\/v2\/comments?post=48035"}],"version-history":[{"count":2,"href":"https:\/\/blogdoedvaldomagalhaes.com.br\/index.php\/wp-json\/wp\/v2\/posts\/48035\/revisions"}],"predecessor-version":[{"id":48039,"href":"https:\/\/blogdoedvaldomagalhaes.com.br\/index.php\/wp-json\/wp\/v2\/posts\/48035\/revisions\/48039"}],"wp:featuredmedia":[{"embeddable":true,"href":"https:\/\/blogdoedvaldomagalhaes.com.br\/index.php\/wp-json\/wp\/v2\/media\/48036"}],"wp:attachment":[{"href":"https:\/\/blogdoedvaldomagalhaes.com.br\/index.php\/wp-json\/wp\/v2\/media?parent=48035"}],"wp:term":[{"taxonomy":"category","embeddable":true,"href":"https:\/\/blogdoedvaldomagalhaes.com.br\/index.php\/wp-json\/wp\/v2\/categories?post=48035"},{"taxonomy":"post_tag","embeddable":true,"href":"https:\/\/blogdoedvaldomagalhaes.com.br\/index.php\/wp-json\/wp\/v2\/tags?post=48035"}],"curies":[{"name":"wp","href":"https:\/\/api.w.org\/{rel}","templated":true}]}}