{"id":48032,"date":"2019-11-04T20:27:42","date_gmt":"2019-11-04T23:27:42","guid":{"rendered":"http:\/\/blogdoedvaldomagalhaes.com.br\/?p=48032"},"modified":"2019-11-04T23:05:26","modified_gmt":"2019-11-05T02:05:26","slug":"deputado-erick-lessa-garante-emenda-de-r-200-mil-para-o-icia","status":"publish","type":"post","link":"https:\/\/blogdoedvaldomagalhaes.com.br\/index.php\/2019\/11\/04\/deputado-erick-lessa-garante-emenda-de-r-200-mil-para-o-icia\/","title":{"rendered":"Deputado Erick Lessa garante emenda de R$ 200 mil para o ICIA"},"content":{"rendered":"<div style=\"text-align: justify;\">O Instituto do C\u00e2ncer Infantil do Agreste (Icia) dever\u00e1 receber R$ 200 mil para aquisi\u00e7\u00e3o de equipamento hospitalar. A destina\u00e7\u00e3o do recurso, atrav\u00e9s de emenda parlamentar, \u00e9 do deputado estadual Delegado Erick Lessa.<\/div>\n<div style=\"text-align: justify;\"><\/div>\n<div style=\"text-align: justify;\">Segundo o deputado, o repasse da verba tem o objetivo de otimizar os servi\u00e7os oferecidos pelo Instituto. \u201cO Icia tem realizado um bonito trabalho ao tratar de crian\u00e7as com c\u00e2ncer e tamb\u00e9m oferecer apoio para os familiares. Com o incremento de recursos, acreditamos que muitas vidas poder\u00e3o ser salvas\u201d, declarou o deputado Erick Lessa, que tamb\u00e9m foi respons\u00e1vel por uma sess\u00e3o solene em homenagem \u00e0 entidade, realizada na Alepe no \u00faltimo m\u00eas de setembro.<\/div>\n<div style=\"text-align: justify;\"><\/div>\n<div style=\"text-align: justify;\">Icia<\/div>\n<div style=\"text-align: justify;\">Com 16 anos de servi\u00e7os prestados \u00e0 popula\u00e7\u00e3o, o Icia j\u00e1 realizou, gratuitamente, cerca de 65 mil atendimentos e mais de 30 mil exames. O instituto ainda conta com um cadastro de 1.617 crian\u00e7as, que s\u00e3o acompanhadas por sua equipe m\u00e9dica. A organiza\u00e7\u00e3o n\u00e3o tem fins lucrativos e atua principalmente atrav\u00e9s de doa\u00e7\u00f5es.<\/div>\n<div><\/div>\n<div>Foto: Viliane Gomes.<\/div>\n","protected":false},"excerpt":{"rendered":"<p>O Instituto do C\u00e2ncer Infantil do Agreste (Icia) dever\u00e1 receber R$ 200 mil para aquisi\u00e7\u00e3o de equipamento hospitalar. A destina\u00e7\u00e3o&hellip;<\/p>\n","protected":false},"author":1,"featured_media":48033,"comment_status":"open","ping_status":"open","sticky":false,"template":"","format":"standard","meta":{"footnotes":""},"categories":[14122],"tags":[2,16524],"class_list":["post-48032","post","type-post","status-publish","format-standard","has-post-thumbnail","hentry","category-politica","tag-blog-do-edvaldo-magalhaes","tag-deputado-erick-lessa-garante-emenda-de-r-200-mil-para-o-icia"],"_links":{"self":[{"href":"https:\/\/blogdoedvaldomagalhaes.com.br\/index.php\/wp-json\/wp\/v2\/posts\/48032","targetHints":{"allow":["GET"]}}],"collection":[{"href":"https:\/\/blogdoedvaldomagalhaes.com.br\/index.php\/wp-json\/wp\/v2\/posts"}],"about":[{"href":"https:\/\/blogdoedvaldomagalhaes.com.br\/index.php\/wp-json\/wp\/v2\/types\/post"}],"author":[{"embeddable":true,"href":"https:\/\/blogdoedvaldomagalhaes.com.br\/index.php\/wp-json\/wp\/v2\/users\/1"}],"replies":[{"embeddable":true,"href":"https:\/\/blogdoedvaldomagalhaes.com.br\/index.php\/wp-json\/wp\/v2\/comments?post=48032"}],"version-history":[{"count":2,"href":"https:\/\/blogdoedvaldomagalhaes.com.br\/index.php\/wp-json\/wp\/v2\/posts\/48032\/revisions"}],"predecessor-version":[{"id":48040,"href":"https:\/\/blogdoedvaldomagalhaes.com.br\/index.php\/wp-json\/wp\/v2\/posts\/48032\/revisions\/48040"}],"wp:featuredmedia":[{"embeddable":true,"href":"https:\/\/blogdoedvaldomagalhaes.com.br\/index.php\/wp-json\/wp\/v2\/media\/48033"}],"wp:attachment":[{"href":"https:\/\/blogdoedvaldomagalhaes.com.br\/index.php\/wp-json\/wp\/v2\/media?parent=48032"}],"wp:term":[{"taxonomy":"category","embeddable":true,"href":"https:\/\/blogdoedvaldomagalhaes.com.br\/index.php\/wp-json\/wp\/v2\/categories?post=48032"},{"taxonomy":"post_tag","embeddable":true,"href":"https:\/\/blogdoedvaldomagalhaes.com.br\/index.php\/wp-json\/wp\/v2\/tags?post=48032"}],"curies":[{"name":"wp","href":"https:\/\/api.w.org\/{rel}","templated":true}]}}