{"id":48020,"date":"2019-11-04T17:53:05","date_gmt":"2019-11-04T20:53:05","guid":{"rendered":"http:\/\/blogdoedvaldomagalhaes.com.br\/?p=48020"},"modified":"2019-11-04T17:53:09","modified_gmt":"2019-11-04T20:53:09","slug":"raquel-lyra-recebe-presidente-da-compesa-para-tratar-de-agua-e-investimentos-em-caruaru","status":"publish","type":"post","link":"https:\/\/blogdoedvaldomagalhaes.com.br\/index.php\/2019\/11\/04\/raquel-lyra-recebe-presidente-da-compesa-para-tratar-de-agua-e-investimentos-em-caruaru\/","title":{"rendered":"Raquel Lyra recebe presidente da Compesa para tratar de \u00e1gua e investimentos em Caruaru"},"content":{"rendered":"<p style=\"text-align: justify;\"><span style=\"font-size: inherit;\">A prefeita de Caruaru, Raquel Lyra, acompanhada de seus secret\u00e1rios, recebeu a presidente da Companhia Pernambucana de Saneamento (Compesa), Manuela Marinho, e sua equipe t\u00e9cnica, na tarde desta segunda-feira (04), na sala de monitoramento do Pal\u00e1cio Jaime Nejaim.<\/span><\/p>\n<p style=\"text-align: justify;\">O encontro, em Caruaru, foi solicitado por Raquel em sua \u00faltima reuni\u00e3o na sede da Compesa, no Recife, no \u00faltimo m\u00eas de setembro. \u201cImportante nos atualizarmos dos servi\u00e7os da Compesa em nosso munic\u00edpio e entender a universaliza\u00e7\u00e3o de acesso \u00e0 \u00e1gua e ao tratamento de esgoto tanto na cidade, como na zona rural\u201d, disse a prefeita.<\/p>\n<p style=\"text-align: justify;\">Na ocasi\u00e3o, o diretor regional da Compesa, Marconi Soares, fez uma apresenta\u00e7\u00e3o sobre os assuntos relativos aos n\u00fameros do munic\u00edpio, como o abastecimento de \u00e1gua, faturamento da Companhia, esta\u00e7\u00f5es de tratamento, entre outros.<\/p>\n<p style=\"text-align: justify;\">Sobre o abastecimento de \u00e1gua em Caruaru, Marconi adiantou que, com a finaliza\u00e7\u00e3o das obras da adutora e ramal do Agreste, a popula\u00e7\u00e3o ter\u00e1 \u00e1gua em sua plenitude. \u201cPara n\u00e3o ter rod\u00edzio, \u00e9 importante o funcionamento desses equipamentos\u201d, informou.<\/p>\n<p style=\"text-align: justify;\">A equipe da Compesa tamb\u00e9m apresentou as obras que est\u00e3o em andamento sobre \u00e1gua e esgoto na cidade. Na lista, a Adutora do Agreste, Sistema Adutor Serro Azul, elabora\u00e7\u00e3o do projeto para universaliza\u00e7\u00e3o do sistema esgotamento sanit\u00e1rio e o sistema de esgotamento sanit\u00e1rio do Alto do Moura.<\/p>\n<p style=\"text-align: justify;\">Ao final, a presidente Manuela Marinho informou que, dentro da meta de 2020, est\u00e3o contemplados investimentos no abastecimento de \u00e1gua na zona rural de Caruaru.<\/p>\n\n\n<figure class=\"wp-block-image\"><img loading=\"lazy\" decoding=\"async\" width=\"1024\" height=\"682\" src=\"http:\/\/blogdoedvaldomagalhaes.com.br\/wp-content\/uploads\/2019\/11\/IMG-20191104-WA0112-1024x682.jpg\" alt=\"\" class=\"wp-image-48022\" srcset=\"https:\/\/blogdoedvaldomagalhaes.com.br\/wp-content\/uploads\/2019\/11\/IMG-20191104-WA0112-1024x682.jpg 1024w, https:\/\/blogdoedvaldomagalhaes.com.br\/wp-content\/uploads\/2019\/11\/IMG-20191104-WA0112-300x200.jpg 300w, https:\/\/blogdoedvaldomagalhaes.com.br\/wp-content\/uploads\/2019\/11\/IMG-20191104-WA0112-768x512.jpg 768w, https:\/\/blogdoedvaldomagalhaes.com.br\/wp-content\/uploads\/2019\/11\/IMG-20191104-WA0112.jpg 1280w\" sizes=\"auto, (max-width: 1024px) 100vw, 1024px\" \/><\/figure>\n\n\n\n<figure class=\"wp-block-image\"><img loading=\"lazy\" decoding=\"async\" width=\"1024\" height=\"682\" src=\"http:\/\/blogdoedvaldomagalhaes.com.br\/wp-content\/uploads\/2019\/11\/IMG-20191104-WA0109-1024x682.jpg\" alt=\"\" class=\"wp-image-48023\" srcset=\"https:\/\/blogdoedvaldomagalhaes.com.br\/wp-content\/uploads\/2019\/11\/IMG-20191104-WA0109-1024x682.jpg 1024w, https:\/\/blogdoedvaldomagalhaes.com.br\/wp-content\/uploads\/2019\/11\/IMG-20191104-WA0109-300x200.jpg 300w, https:\/\/blogdoedvaldomagalhaes.com.br\/wp-content\/uploads\/2019\/11\/IMG-20191104-WA0109-768x512.jpg 768w, https:\/\/blogdoedvaldomagalhaes.com.br\/wp-content\/uploads\/2019\/11\/IMG-20191104-WA0109.jpg 1280w\" sizes=\"auto, (max-width: 1024px) 100vw, 1024px\" \/><figcaption>Fotos: Jorge Farias<\/figcaption><\/figure>\n","protected":false},"excerpt":{"rendered":"<p>A prefeita de Caruaru, Raquel Lyra, acompanhada de seus secret\u00e1rios, recebeu a presidente da Companhia Pernambucana de Saneamento (Compesa), Manuela&hellip;<\/p>\n","protected":false},"author":1,"featured_media":48021,"comment_status":"open","ping_status":"open","sticky":false,"template":"","format":"standard","meta":{"footnotes":""},"categories":[14122],"tags":[2,16522],"class_list":["post-48020","post","type-post","status-publish","format-standard","has-post-thumbnail","hentry","category-politica","tag-blog-do-edvaldo-magalhaes","tag-raquel-lyra-recebe-presidente-da-compesa-para-tratar-de-agua-e-investimentos-em-caruaru"],"_links":{"self":[{"href":"https:\/\/blogdoedvaldomagalhaes.com.br\/index.php\/wp-json\/wp\/v2\/posts\/48020","targetHints":{"allow":["GET"]}}],"collection":[{"href":"https:\/\/blogdoedvaldomagalhaes.com.br\/index.php\/wp-json\/wp\/v2\/posts"}],"about":[{"href":"https:\/\/blogdoedvaldomagalhaes.com.br\/index.php\/wp-json\/wp\/v2\/types\/post"}],"author":[{"embeddable":true,"href":"https:\/\/blogdoedvaldomagalhaes.com.br\/index.php\/wp-json\/wp\/v2\/users\/1"}],"replies":[{"embeddable":true,"href":"https:\/\/blogdoedvaldomagalhaes.com.br\/index.php\/wp-json\/wp\/v2\/comments?post=48020"}],"version-history":[{"count":1,"href":"https:\/\/blogdoedvaldomagalhaes.com.br\/index.php\/wp-json\/wp\/v2\/posts\/48020\/revisions"}],"predecessor-version":[{"id":48024,"href":"https:\/\/blogdoedvaldomagalhaes.com.br\/index.php\/wp-json\/wp\/v2\/posts\/48020\/revisions\/48024"}],"wp:featuredmedia":[{"embeddable":true,"href":"https:\/\/blogdoedvaldomagalhaes.com.br\/index.php\/wp-json\/wp\/v2\/media\/48021"}],"wp:attachment":[{"href":"https:\/\/blogdoedvaldomagalhaes.com.br\/index.php\/wp-json\/wp\/v2\/media?parent=48020"}],"wp:term":[{"taxonomy":"category","embeddable":true,"href":"https:\/\/blogdoedvaldomagalhaes.com.br\/index.php\/wp-json\/wp\/v2\/categories?post=48020"},{"taxonomy":"post_tag","embeddable":true,"href":"https:\/\/blogdoedvaldomagalhaes.com.br\/index.php\/wp-json\/wp\/v2\/tags?post=48020"}],"curies":[{"name":"wp","href":"https:\/\/api.w.org\/{rel}","templated":true}]}}