{"id":48011,"date":"2019-11-04T14:12:06","date_gmt":"2019-11-04T17:12:06","guid":{"rendered":"http:\/\/blogdoedvaldomagalhaes.com.br\/?p=48011"},"modified":"2019-11-04T14:52:44","modified_gmt":"2019-11-04T17:52:44","slug":"ex-interno-da-funase-e-morto-a-tiros-em-caruaru","status":"publish","type":"post","link":"https:\/\/blogdoedvaldomagalhaes.com.br\/index.php\/2019\/11\/04\/ex-interno-da-funase-e-morto-a-tiros-em-caruaru\/","title":{"rendered":"Ex-interno da Funase \u00e9 morto a tiros em Caruaru"},"content":{"rendered":"<p style=\"text-align: justify;\">O adolescente Diogo Jos\u00e9 da Silva, conhecido como Ureia, 16 anos, que morava na Vila Teimosa, foi assassinado a tiros na manh\u00e3 desta segunda-feira (04), na rua do Madeiro, bairro Santa Rosa, em Caruaru.<\/p>\n<p style=\"text-align: justify;\">Maria Jos\u00e9 da Silva, tia da v\u00edtima, informou que o adolescente era \u00f3rf\u00e3o de pai e m\u00e3e, sendo usu\u00e1rio de drogas, com passagem pela Funase, suspeito de roubo e furto.<\/p>\n<p style=\"text-align: justify;\">Equipes do Samu e Corpo de bombeiros estiveram no local, na tentativa de socorrer a v\u00edtimas, mas j\u00e1 se encontrava em \u00f3bito. O corpo da v\u00edtima foi encaminhado para o IML de Caruaru.\u00a0<\/p>\n<p style=\"text-align: justify;\">Este foi o 3\u00ba homic\u00eddio do m\u00eas de novembro, e o 143\u00b0 do ano de 2019, em Caruaru.\u00a0<\/p>\n\n\n<figure class=\"wp-block-image\"><img loading=\"lazy\" decoding=\"async\" width=\"1024\" height=\"768\" src=\"http:\/\/blogdoedvaldomagalhaes.com.br\/wp-content\/uploads\/2019\/11\/IMG-20191104-WA0137-1024x768.jpg\" alt=\"\" class=\"wp-image-48014\" srcset=\"https:\/\/blogdoedvaldomagalhaes.com.br\/wp-content\/uploads\/2019\/11\/IMG-20191104-WA0137-1024x768.jpg 1024w, https:\/\/blogdoedvaldomagalhaes.com.br\/wp-content\/uploads\/2019\/11\/IMG-20191104-WA0137-300x225.jpg 300w, https:\/\/blogdoedvaldomagalhaes.com.br\/wp-content\/uploads\/2019\/11\/IMG-20191104-WA0137-768x576.jpg 768w, https:\/\/blogdoedvaldomagalhaes.com.br\/wp-content\/uploads\/2019\/11\/IMG-20191104-WA0137-160x120.jpg 160w, https:\/\/blogdoedvaldomagalhaes.com.br\/wp-content\/uploads\/2019\/11\/IMG-20191104-WA0137.jpg 1280w\" sizes=\"auto, (max-width: 1024px) 100vw, 1024px\" \/><\/figure>\n\n\n\n<figure class=\"wp-block-image\"><img loading=\"lazy\" decoding=\"async\" width=\"960\" height=\"928\" src=\"http:\/\/blogdoedvaldomagalhaes.com.br\/wp-content\/uploads\/2019\/11\/FB_IMG_1572889786660.jpg\" alt=\"\" class=\"wp-image-48018\" srcset=\"https:\/\/blogdoedvaldomagalhaes.com.br\/wp-content\/uploads\/2019\/11\/FB_IMG_1572889786660.jpg 960w, https:\/\/blogdoedvaldomagalhaes.com.br\/wp-content\/uploads\/2019\/11\/FB_IMG_1572889786660-300x290.jpg 300w, https:\/\/blogdoedvaldomagalhaes.com.br\/wp-content\/uploads\/2019\/11\/FB_IMG_1572889786660-768x742.jpg 768w\" sizes=\"auto, (max-width: 960px) 100vw, 960px\" \/><figcaption>Foto da v\u00edtima: Reprodu\u00e7\u00e3o\/Whatsapp <\/figcaption><\/figure>\n","protected":false},"excerpt":{"rendered":"<p>O adolescente Diogo Jos\u00e9 da Silva, conhecido como Ureia, 16 anos, que morava na Vila Teimosa, foi assassinado a tiros&hellip;<\/p>\n","protected":false},"author":1,"featured_media":48015,"comment_status":"open","ping_status":"open","sticky":false,"template":"","format":"standard","meta":{"footnotes":""},"categories":[14121],"tags":[2,16521],"class_list":["post-48011","post","type-post","status-publish","format-standard","has-post-thumbnail","hentry","category-policial","tag-blog-do-edvaldo-magalhaes","tag-ex-interno-da-funase-e-morto-a-tiros-em-caruaru"],"_links":{"self":[{"href":"https:\/\/blogdoedvaldomagalhaes.com.br\/index.php\/wp-json\/wp\/v2\/posts\/48011","targetHints":{"allow":["GET"]}}],"collection":[{"href":"https:\/\/blogdoedvaldomagalhaes.com.br\/index.php\/wp-json\/wp\/v2\/posts"}],"about":[{"href":"https:\/\/blogdoedvaldomagalhaes.com.br\/index.php\/wp-json\/wp\/v2\/types\/post"}],"author":[{"embeddable":true,"href":"https:\/\/blogdoedvaldomagalhaes.com.br\/index.php\/wp-json\/wp\/v2\/users\/1"}],"replies":[{"embeddable":true,"href":"https:\/\/blogdoedvaldomagalhaes.com.br\/index.php\/wp-json\/wp\/v2\/comments?post=48011"}],"version-history":[{"count":4,"href":"https:\/\/blogdoedvaldomagalhaes.com.br\/index.php\/wp-json\/wp\/v2\/posts\/48011\/revisions"}],"predecessor-version":[{"id":48019,"href":"https:\/\/blogdoedvaldomagalhaes.com.br\/index.php\/wp-json\/wp\/v2\/posts\/48011\/revisions\/48019"}],"wp:featuredmedia":[{"embeddable":true,"href":"https:\/\/blogdoedvaldomagalhaes.com.br\/index.php\/wp-json\/wp\/v2\/media\/48015"}],"wp:attachment":[{"href":"https:\/\/blogdoedvaldomagalhaes.com.br\/index.php\/wp-json\/wp\/v2\/media?parent=48011"}],"wp:term":[{"taxonomy":"category","embeddable":true,"href":"https:\/\/blogdoedvaldomagalhaes.com.br\/index.php\/wp-json\/wp\/v2\/categories?post=48011"},{"taxonomy":"post_tag","embeddable":true,"href":"https:\/\/blogdoedvaldomagalhaes.com.br\/index.php\/wp-json\/wp\/v2\/tags?post=48011"}],"curies":[{"name":"wp","href":"https:\/\/api.w.org\/{rel}","templated":true}]}}