{"id":48005,"date":"2019-11-04T13:32:17","date_gmt":"2019-11-04T16:32:17","guid":{"rendered":"http:\/\/blogdoedvaldomagalhaes.com.br\/?p=48005"},"modified":"2019-11-04T13:41:35","modified_gmt":"2019-11-04T16:41:35","slug":"caruaru-calendario-de-abastecimento-da-compesa-em-novembro","status":"publish","type":"post","link":"https:\/\/blogdoedvaldomagalhaes.com.br\/index.php\/2019\/11\/04\/caruaru-calendario-de-abastecimento-da-compesa-em-novembro\/","title":{"rendered":"Caruaru: Calend\u00e1rio de abastecimento da Compesa em novembro"},"content":{"rendered":"<p style=\"text-align: justify;\"><strong>(SETOR 1) Dias: 09, 10, 11, 12, 13, 29 e 30<\/strong><br \/>\nCidade Jardim, Salgado (parte baixa), Centen\u00e1rio, Divin\u00f3polis, Maur\u00edcio de Nassau, Universit\u00e1rio, S\u00e3o Francisco, Jos\u00e9 Liberato, Vila Agamenon, Residencial Alto do Moura e Vista Alegre.<\/p>\n<p style=\"text-align: justify;\"><strong>Setor 2 &#8211; Dias: 14, 15, 16, 17 e 18: <\/strong>Nossa Senhora das Dores, Centro, Vassoural (parte baixa), Santa Rosa (parte baixa), Indian\u00f3polis (parte baixa), Riach\u00e3o, Alto da Balan\u00e7a, Petr\u00f3polis, Parque 18 de Maio, Jardim Liberdade (Alto da Banana), Residencial Shopping, Unifavip e pr\u00e9dios da Brapor, Inocoop, Cedro, Jardim dos Pinheiros, Monte Sinai, Encanto da Serra, Salgado (parte baixa) e S\u00e3o Jo\u00e3o da Esc\u00f3cia (parte baixa).<\/p>\n<p style=\"text-align: justify;\"><strong>Setor 3 &#8211; Dias 02, 03,19, 20, 21, 22 e 23: <\/strong>Rendeiras (parte alta), Monte Carmelo, Lagoa do Algod\u00e3o, Quintas da Colina, S\u00e3o Jo\u00e3o da Esc\u00f3cia (parte alta), Parte oeste de Caruaru 1: Maria Auxiliadora (parte baixa), Hosana, Vila do Aeroporto, Jos\u00e9 Carlos de Oliveira (parte baixa), Vila Padre In\u00e1cio, Vila Diocesano, Jo\u00e3o Barreto, Jo\u00e3o Mota, Vila Kennedy, Kennedy, Sol Poente, Caiuc\u00e1, Portal do Agreste, Posto Agamenon, S\u00edtio Campos, Vila Cip\u00f3, Lagoa de Pedra, Mestre Vitalino, Alto do Moura Village, Residencial Luiz Bezerra Torres I e II, Bares (Alto do Moura), Alto das Sete Luas, Tcheguevara, Parte do Vassoural pr\u00f3ximo ao pres\u00eddio \u2013 ruas no trecho entre Luiz Gonzaga e Rua do Vassoural: Maria Tereza, Ivanildo Cordeiro de Souza, Jo\u00e3o Cordeiro de Souza, Maria Cordeiro de Miscena, Asa Branca, Travessa Henrique Soares, Ruas: Com. Luiz Gonzaga, Luiz Serafim de Souza, 1\u00aa, 2\u00aa e 3\u00aa TV Henrique Soares, Filadelfia A. da Costa, Juazeiro do Norte, Todos os Santos, Rua do Vassoural, 5\u00aa TV Alfredo Pinto (Goiana), Jos\u00e9 Nunes de Ara\u00fajo, Jos\u00e9 do Patroc\u00ednio, Esp\u00edrito Santo, Carlos Alexandre, Petrol\u00e2ndia, 5\u00aa TV do Vassoural, Nazar\u00e9 da Mata, Belmonte, TV e Rua Imperial (acima da Bernardo Vieira de Melo), Estrada de Campina, Luiz de Fran\u00e7a Pereira, Santa Rosa (parte alta), Vila Serena, Campo Novo do Sul, Vila Campo Novo de Baixo e de Cima, Sest\/Senat, Cidade Alta: Adalgisa Nunes 1 e 2<\/p>\n<p style=\"text-align: justify;\"><strong>Setor 4 &#8211; Dias: 04, 05, 06, 07, 08, 24, 25, 26, 27 e 28: <\/strong>Parte leste de Caruaru 2: Maria Auxiliadora (parte alta), Boa Vista I e II (COHAB 1 e 2), Tr\u00eas Bandeiras, Nova Caruaru, Jardim Panorama, Vila Andorinha, Caru\u00e1, Bara\u00fanas, Mandacaru, Novo Mundo, Dem\u00f3stenes Veras, Jos\u00e9 Carlos de Oliveira (parte alta), Ramiro de Souza, Jardim Boa Vista, Severino Afonso, Residencial Vit\u00f3ria, Parque Real, Residencial Ipojuca, Residencial Xique Xique, Santos Dumont, Jo\u00e3o Batista, Pinheir\u00f3polis (Vila dos Oficiais), Rendeiras (parte baixa), Loteamento Para\u00edso, Morada Nova, Serran\u00f3polis, Loteamento S\u00e3o Jos\u00e9, Luiz Gonzaga, Fernando Lira, Polo Caruaru, UFPE, Alphaville, Hospital Mestre Vitalino, Parque da Cidade, Jardim dos Coqueiros, Portal do Sol, Vassoural (parte alta), Rosan\u00f3polis, UPA, Parte do Petr\u00f3polis (ruas: 1\u00aa TV, 2\u00aa TV, 3\u00aa TV e Rua Prof. Adelia Leal, Manoel Lopes, Henrique Soares, Sta Catarina, Cristo Rei, Sanhar\u00f3, 2\u00aa TV C\u00edcero Jos\u00e9 Dutra e Te\u00f3filo Otoni), Adalgisa Nunes 3 e 4, Residencial Wirton Lira.<\/p>\n<p style=\"text-align: justify;\"><strong>MONTE BOM JESUS<\/strong><strong style=\"font-size: inherit;\">D &#8211; Dias 08, 09, 16 ,17, 24 e 25:<\/strong><span style=\"font-size: inherit;\">\u00a0RuaB\u00e9lgica, Rua Su\u00ed\u00e7a, Rua Fortaleza e Rua Paran\u00e1<\/span><\/p>\n<p style=\"text-align: justify;\"><strong>Dias: 02, 03, 10, 11, 18, 19, 26 e 27: <\/strong>Rua da S\u00e9<\/p>\n<p style=\"text-align: justify;\"><strong>Dias: 04, 05, 12, 13, 20, 21, 28 e 29: <\/strong>Av. S\u00e3o Jos\u00e9 e Rua Professor Ferr\u00facio<\/p>\n<p style=\"text-align: justify;\"><strong>Dias: 06, 07, 14, 15, 22, 23 e 30: <\/strong>Travessa da S\u00e9<\/p>\n<p style=\"text-align: justify;\"><strong>ALTO DO MOURA<\/strong><strong style=\"font-size: inherit;\">D &#8211; Dias 04, 05, 06, 07, 08, 18, 19, 20, 21 e 22: <\/strong><span style=\"font-size: inherit;\">Vila Nossa Senhora das Gra\u00e7as 1, C\u00edcero das Carro\u00e7as, Mestre Vitalino 2 \/ Parte alta do Alto do Moura<\/span><\/p>\n<p style=\"text-align: justify;\"><strong>Dias: 11, 12, 13, 14, 15, 25, 26, 27, 28 e 29: <\/strong>Parte Baixa do Alto do Moura, Rua do Cemit\u00e9rio, Vila Nossa Senhora das Gra\u00e7as 2<\/p>\n<p style=\"text-align: justify;\"><strong>Fins de Semana: <\/strong>Por tr\u00e1s dos bares: Rua Ant\u00f4nio Vitalino e Rua da Elevat\u00f3ria (Rua Alto S\u00e3o Jos\u00e9)<\/p>\n<p style=\"text-align: justify;\"><strong>TAQUARA &#8211; Dias<\/strong><strong style=\"font-size: inherit;\"> 03, 04, 05, 06, 07, 18, 19, 20, 21 e 22: <\/strong><span style=\"font-size: inherit;\">Taquara parte baixa (da igreja cat\u00f3lica at\u00e9 o Rio)<\/span><\/p>\n<p style=\"text-align: justify;\"><strong>Dias: 08, 09, 10, 11, 12, 23, 24, 25, 26 e 27: <\/strong>Taquara parte intermedi\u00e1ria (da igreja cat\u00f3lica at\u00e9 a Av. Expedito Ant\u00f4nio da Silva)<\/p>\n<p style=\"text-align: justify;\"><strong>Dias: 02, 13, 14, 15, 16, 17, 28, 29 e 30: <\/strong>Taquara parte alta (da Av. Expedito Ant\u00f4nio da Silva at\u00e9 a linha f\u00e9rrea)<\/p>\n<p style=\"text-align: justify;\"><strong>ZONA RURAL SUL &#8211; Dias<\/strong><strong style=\"font-size: inherit;\"> 01, 02, 03, 11, 12, 13, 14, 15, 16, 17, 25, 26, 27, 28, 29 e 30: <\/strong><span style=\"font-size: inherit;\">Taquara de S\u00e3o Pedro, Peladas<\/span><\/p>\n<p style=\"text-align: justify;\"><strong>Dias: 04, 05, 06, 07, 08, 18, 19, 20, 21 e 22: <\/strong>Vila Murici, S\u00edtio Murici, Ara\u00e7\u00e1, Lagoa do Paulista, Mata Negra e S\u00edtio Estivas<\/p>\n<p style=\"text-align: justify;\"><strong>Dias: 02, 03, 16, 17 e 30: <\/strong>Alecrim<\/p>\n","protected":false},"excerpt":{"rendered":"<p>(SETOR 1) Dias: 09, 10, 11, 12, 13, 29 e 30 Cidade Jardim, Salgado (parte baixa), Centen\u00e1rio, Divin\u00f3polis, Maur\u00edcio de&hellip;<\/p>\n","protected":false},"author":1,"featured_media":48006,"comment_status":"open","ping_status":"open","sticky":false,"template":"","format":"standard","meta":{"footnotes":""},"categories":[14120],"tags":[2,16520],"class_list":["post-48005","post","type-post","status-publish","format-standard","has-post-thumbnail","hentry","category-noticias","tag-blog-do-edvaldo-magalhaes","tag-caruaru-calendario-de-abastecimento-da-compesa-em-novembro"],"_links":{"self":[{"href":"https:\/\/blogdoedvaldomagalhaes.com.br\/index.php\/wp-json\/wp\/v2\/posts\/48005","targetHints":{"allow":["GET"]}}],"collection":[{"href":"https:\/\/blogdoedvaldomagalhaes.com.br\/index.php\/wp-json\/wp\/v2\/posts"}],"about":[{"href":"https:\/\/blogdoedvaldomagalhaes.com.br\/index.php\/wp-json\/wp\/v2\/types\/post"}],"author":[{"embeddable":true,"href":"https:\/\/blogdoedvaldomagalhaes.com.br\/index.php\/wp-json\/wp\/v2\/users\/1"}],"replies":[{"embeddable":true,"href":"https:\/\/blogdoedvaldomagalhaes.com.br\/index.php\/wp-json\/wp\/v2\/comments?post=48005"}],"version-history":[{"count":2,"href":"https:\/\/blogdoedvaldomagalhaes.com.br\/index.php\/wp-json\/wp\/v2\/posts\/48005\/revisions"}],"predecessor-version":[{"id":48009,"href":"https:\/\/blogdoedvaldomagalhaes.com.br\/index.php\/wp-json\/wp\/v2\/posts\/48005\/revisions\/48009"}],"wp:featuredmedia":[{"embeddable":true,"href":"https:\/\/blogdoedvaldomagalhaes.com.br\/index.php\/wp-json\/wp\/v2\/media\/48006"}],"wp:attachment":[{"href":"https:\/\/blogdoedvaldomagalhaes.com.br\/index.php\/wp-json\/wp\/v2\/media?parent=48005"}],"wp:term":[{"taxonomy":"category","embeddable":true,"href":"https:\/\/blogdoedvaldomagalhaes.com.br\/index.php\/wp-json\/wp\/v2\/categories?post=48005"},{"taxonomy":"post_tag","embeddable":true,"href":"https:\/\/blogdoedvaldomagalhaes.com.br\/index.php\/wp-json\/wp\/v2\/tags?post=48005"}],"curies":[{"name":"wp","href":"https:\/\/api.w.org\/{rel}","templated":true}]}}