{"id":48,"date":"2019-02-04T23:01:00","date_gmt":"2019-02-05T01:01:00","guid":{"rendered":"http:\/\/blogdoedvaldomagalhaes.com.br\/index.php\/2019\/02\/04\/central-de-caruaru-contrata-o-atacante\/"},"modified":"2019-02-10T10:44:09","modified_gmt":"2019-02-10T13:44:09","slug":"central-de-caruaru-contrata-o-atacante","status":"publish","type":"post","link":"https:\/\/blogdoedvaldomagalhaes.com.br\/index.php\/2019\/02\/04\/central-de-caruaru-contrata-o-atacante\/","title":{"rendered":"Central de Caruaru contrata o atacante Marlon"},"content":{"rendered":"<div class=\"separator\" style=\"clear: both; text-align: center;\">\n<a href=\"https:\/\/1.bp.blogspot.com\/-eCOF_5_8lbE\/XFjDyPF-fpI\/AAAAAAABB_0\/B5QxPc-5YxAOVQftAuxMtH5apWLSR7-VQCLcBGAs\/s1600\/IMG-20190204-WA0128.jpg\" imageanchor=\"1\" style=\"margin-left: 1em; margin-right: 1em;\"><img loading=\"lazy\" decoding=\"async\" border=\"0\" data-original-height=\"1080\" data-original-width=\"1080\" height=\"640\" src=\"http:\/\/blogdoedvaldomagalhaes.com.br\/wp-content\/uploads\/2019\/02\/IMG-20190204-WA0128.jpg\" width=\"640\"><\/a><\/div>\n<div style=\"text-align: justify;\"><\/div>\n<div style=\"text-align: justify;\">\nMarlon Douglas de Sales Silva, o Marlon, de 21 anos, vai refor\u00e7ar o Central Sport Club na sequ\u00eancia da temporada 2019. O atacante foi revelado pelo Porto\/PE e tamb\u00e9m atuou por Flamengo de Arcoverde, Vit\u00f3ria\/BA e por \u00faltimo estava no Sport. Marlon j\u00e1 est\u00e1 treinando no Lacerd\u00e3o e poder\u00e1 ganhar regulariza\u00e7\u00e3o para o confronto desta quarta-feira contra o Cear\u00e1.<\/div>\n","protected":false},"excerpt":{"rendered":"<p>Marlon Douglas de Sales Silva, o Marlon, de 21 anos, vai refor\u00e7ar o Central Sport Club na sequ\u00eancia da temporada&hellip;<\/p>\n","protected":false},"author":1,"featured_media":0,"comment_status":"open","ping_status":"open","sticky":false,"template":"","format":"standard","meta":{"footnotes":""},"categories":[14124,14123],"tags":[2,56,3],"class_list":["post-48","post","type-post","status-publish","format-standard","hentry","category-centralsc","category-futebol","tag-blog-do-edvaldo-magalhaes","tag-central-de-caruaru-contrata-o-atacante-marlon","tag-futebol"],"_links":{"self":[{"href":"https:\/\/blogdoedvaldomagalhaes.com.br\/index.php\/wp-json\/wp\/v2\/posts\/48","targetHints":{"allow":["GET"]}}],"collection":[{"href":"https:\/\/blogdoedvaldomagalhaes.com.br\/index.php\/wp-json\/wp\/v2\/posts"}],"about":[{"href":"https:\/\/blogdoedvaldomagalhaes.com.br\/index.php\/wp-json\/wp\/v2\/types\/post"}],"author":[{"embeddable":true,"href":"https:\/\/blogdoedvaldomagalhaes.com.br\/index.php\/wp-json\/wp\/v2\/users\/1"}],"replies":[{"embeddable":true,"href":"https:\/\/blogdoedvaldomagalhaes.com.br\/index.php\/wp-json\/wp\/v2\/comments?post=48"}],"version-history":[{"count":2,"href":"https:\/\/blogdoedvaldomagalhaes.com.br\/index.php\/wp-json\/wp\/v2\/posts\/48\/revisions"}],"predecessor-version":[{"id":38238,"href":"https:\/\/blogdoedvaldomagalhaes.com.br\/index.php\/wp-json\/wp\/v2\/posts\/48\/revisions\/38238"}],"wp:attachment":[{"href":"https:\/\/blogdoedvaldomagalhaes.com.br\/index.php\/wp-json\/wp\/v2\/media?parent=48"}],"wp:term":[{"taxonomy":"category","embeddable":true,"href":"https:\/\/blogdoedvaldomagalhaes.com.br\/index.php\/wp-json\/wp\/v2\/categories?post=48"},{"taxonomy":"post_tag","embeddable":true,"href":"https:\/\/blogdoedvaldomagalhaes.com.br\/index.php\/wp-json\/wp\/v2\/tags?post=48"}],"curies":[{"name":"wp","href":"https:\/\/api.w.org\/{rel}","templated":true}]}}