{"id":47997,"date":"2019-11-04T09:33:36","date_gmt":"2019-11-04T12:33:36","guid":{"rendered":"http:\/\/blogdoedvaldomagalhaes.com.br\/?p=47997"},"modified":"2019-11-04T09:39:22","modified_gmt":"2019-11-04T12:39:22","slug":"colisao-frontal-entre-dois-carros-com-vitima-fatal-na-br-104","status":"publish","type":"post","link":"https:\/\/blogdoedvaldomagalhaes.com.br\/index.php\/2019\/11\/04\/colisao-frontal-entre-dois-carros-com-vitima-fatal-na-br-104\/","title":{"rendered":"Colis\u00e3o frontal entre dois carros com v\u00edtima fatal na BR-104"},"content":{"rendered":"<p style=\"text-align: justify;\">Nesse s\u00e1bado (02), no Km 25 da BR-104, no munic\u00edpio de Taquaritinga do Norte, ocorreu uma colis\u00e3o frontal entre dois carros com 03 v\u00edtimas com les\u00f5es graves e 01 v\u00edtima ilesa.<\/p>\n<p style=\"text-align: justify;\">A equipe quando chegou ao local encontrou os dois ve\u00edculos no acostamento e apenas uma v\u00edtima presente.<\/p>\n<p style=\"text-align: justify;\">Um condutor da Strada de 32 anos, foi removido pelo SAMU Agreste para o Hospital Municipal de Toritama com LES\u00d5ES GRAVES e o passageiro de 44 anos, encontrava-se no local e ILESO.<\/p>\n<p style=\"text-align: justify;\">O condutor do outro ve\u00edculo, de 33 anos, foi removido pelo SAMU Agreste para o Hospital Municipal de Toritama, com LES\u00d5ES GRAVES, onde veio a \u00d3BITO e o passageiro de 35 anos, foi removido pelo SAMU Agreste para o Hospital Municipal de Toritama, com LES\u00d5ES GRAVES.<\/p>\n<p style=\"text-align: justify;\">A strada trafegava no sentido Toritama-PE\/Taquaritinga do Norte-PE, quando foi colidido frontalmente pelo ve\u00edculo, que trafegava em sentido contr\u00e1rio.<\/p>\n<p style=\"text-align: justify;\">Com o impacto, os ve\u00edculos permaneceram sobre a rodovia vindo a serem removidos para o acostamento por populares pr\u00f3ximo ao momento da ocorr\u00eancia e ap\u00f3s o atendimento m\u00e9dico por parte do SAMU Agreste.<\/p>\n\n\n<figure class=\"wp-block-image\"><img loading=\"lazy\" decoding=\"async\" width=\"1024\" height=\"576\" src=\"http:\/\/blogdoedvaldomagalhaes.com.br\/wp-content\/uploads\/2019\/11\/IMG-20191104-WA0005-1024x576.jpg\" alt=\"\" class=\"wp-image-48000\" srcset=\"https:\/\/blogdoedvaldomagalhaes.com.br\/wp-content\/uploads\/2019\/11\/IMG-20191104-WA0005.jpg 1024w, https:\/\/blogdoedvaldomagalhaes.com.br\/wp-content\/uploads\/2019\/11\/IMG-20191104-WA0005-300x169.jpg 300w, https:\/\/blogdoedvaldomagalhaes.com.br\/wp-content\/uploads\/2019\/11\/IMG-20191104-WA0005-768x432.jpg 768w, https:\/\/blogdoedvaldomagalhaes.com.br\/wp-content\/uploads\/2019\/11\/IMG-20191104-WA0005-720x405.jpg 720w\" sizes=\"auto, (max-width: 1024px) 100vw, 1024px\" \/><\/figure>\n\n\n\n<figure class=\"wp-block-image\"><img loading=\"lazy\" decoding=\"async\" width=\"1024\" height=\"576\" src=\"http:\/\/blogdoedvaldomagalhaes.com.br\/wp-content\/uploads\/2019\/11\/IMG-20191104-WA0003-1024x576.jpg\" alt=\"\" class=\"wp-image-48002\" srcset=\"https:\/\/blogdoedvaldomagalhaes.com.br\/wp-content\/uploads\/2019\/11\/IMG-20191104-WA0003.jpg 1024w, https:\/\/blogdoedvaldomagalhaes.com.br\/wp-content\/uploads\/2019\/11\/IMG-20191104-WA0003-300x169.jpg 300w, https:\/\/blogdoedvaldomagalhaes.com.br\/wp-content\/uploads\/2019\/11\/IMG-20191104-WA0003-768x432.jpg 768w, https:\/\/blogdoedvaldomagalhaes.com.br\/wp-content\/uploads\/2019\/11\/IMG-20191104-WA0003-720x405.jpg 720w\" sizes=\"auto, (max-width: 1024px) 100vw, 1024px\" \/><\/figure>\n\n\n\n<figure class=\"wp-block-image\"><img loading=\"lazy\" decoding=\"async\" width=\"1024\" height=\"576\" src=\"http:\/\/blogdoedvaldomagalhaes.com.br\/wp-content\/uploads\/2019\/11\/IMG-20191104-WA0002-1024x576.jpg\" alt=\"\" class=\"wp-image-48003\" srcset=\"https:\/\/blogdoedvaldomagalhaes.com.br\/wp-content\/uploads\/2019\/11\/IMG-20191104-WA0002.jpg 1024w, https:\/\/blogdoedvaldomagalhaes.com.br\/wp-content\/uploads\/2019\/11\/IMG-20191104-WA0002-300x169.jpg 300w, https:\/\/blogdoedvaldomagalhaes.com.br\/wp-content\/uploads\/2019\/11\/IMG-20191104-WA0002-768x432.jpg 768w, https:\/\/blogdoedvaldomagalhaes.com.br\/wp-content\/uploads\/2019\/11\/IMG-20191104-WA0002-720x405.jpg 720w\" sizes=\"auto, (max-width: 1024px) 100vw, 1024px\" \/><figcaption>Informa\u00e7\u00f5es e fotos: PRF<\/figcaption><\/figure>\n","protected":false},"excerpt":{"rendered":"<p>Nesse s\u00e1bado (02), no Km 25 da BR-104, no munic\u00edpio de Taquaritinga do Norte, ocorreu uma colis\u00e3o frontal entre dois&hellip;<\/p>\n","protected":false},"author":1,"featured_media":47998,"comment_status":"open","ping_status":"open","sticky":false,"template":"","format":"standard","meta":{"footnotes":""},"categories":[14120],"tags":[2,16519],"class_list":["post-47997","post","type-post","status-publish","format-standard","has-post-thumbnail","hentry","category-noticias","tag-blog-do-edvaldo-magalhaes","tag-colisao-frontal-entre-dois-carros-com-vitima-fatal-na-br-104"],"_links":{"self":[{"href":"https:\/\/blogdoedvaldomagalhaes.com.br\/index.php\/wp-json\/wp\/v2\/posts\/47997","targetHints":{"allow":["GET"]}}],"collection":[{"href":"https:\/\/blogdoedvaldomagalhaes.com.br\/index.php\/wp-json\/wp\/v2\/posts"}],"about":[{"href":"https:\/\/blogdoedvaldomagalhaes.com.br\/index.php\/wp-json\/wp\/v2\/types\/post"}],"author":[{"embeddable":true,"href":"https:\/\/blogdoedvaldomagalhaes.com.br\/index.php\/wp-json\/wp\/v2\/users\/1"}],"replies":[{"embeddable":true,"href":"https:\/\/blogdoedvaldomagalhaes.com.br\/index.php\/wp-json\/wp\/v2\/comments?post=47997"}],"version-history":[{"count":2,"href":"https:\/\/blogdoedvaldomagalhaes.com.br\/index.php\/wp-json\/wp\/v2\/posts\/47997\/revisions"}],"predecessor-version":[{"id":48004,"href":"https:\/\/blogdoedvaldomagalhaes.com.br\/index.php\/wp-json\/wp\/v2\/posts\/47997\/revisions\/48004"}],"wp:featuredmedia":[{"embeddable":true,"href":"https:\/\/blogdoedvaldomagalhaes.com.br\/index.php\/wp-json\/wp\/v2\/media\/47998"}],"wp:attachment":[{"href":"https:\/\/blogdoedvaldomagalhaes.com.br\/index.php\/wp-json\/wp\/v2\/media?parent=47997"}],"wp:term":[{"taxonomy":"category","embeddable":true,"href":"https:\/\/blogdoedvaldomagalhaes.com.br\/index.php\/wp-json\/wp\/v2\/categories?post=47997"},{"taxonomy":"post_tag","embeddable":true,"href":"https:\/\/blogdoedvaldomagalhaes.com.br\/index.php\/wp-json\/wp\/v2\/tags?post=47997"}],"curies":[{"name":"wp","href":"https:\/\/api.w.org\/{rel}","templated":true}]}}