{"id":47990,"date":"2019-11-03T23:14:11","date_gmt":"2019-11-04T02:14:11","guid":{"rendered":"http:\/\/blogdoedvaldomagalhaes.com.br\/?p=47990"},"modified":"2019-11-03T23:14:13","modified_gmt":"2019-11-04T02:14:13","slug":"pai-e-filho-sao-assassinados-em-vertentes","status":"publish","type":"post","link":"https:\/\/blogdoedvaldomagalhaes.com.br\/index.php\/2019\/11\/03\/pai-e-filho-sao-assassinados-em-vertentes\/","title":{"rendered":"Pai e filho s\u00e3o assassinados em Vertentes"},"content":{"rendered":"<p style=\"text-align: justify;\">Passava pouco mais das 20h quando uma trag\u00e9dia familiar chocou a cidade de Vertentes (150 quil\u00f4metros da capital) na noite deste domingo (03). Pai e filho foram assassinados a tiros em sua resid\u00eancia, na Rua Manoel Ben\u00edcio de Azevedo (Rua do arranco), no centro da cidade de Vertentes. Segundo as informa\u00e7\u00f5es repassadas pelos policiais que estiveram presentes na a\u00e7\u00e3o, pai e filho estavam na cal\u00e7ada e sala de sua resid\u00eancia, quando foram surpreendidos por quatro homens encapuzados que chegaram ao local e ao se aproximaram das v\u00edtimas dispararam v\u00e1rios tiros contra eles e em seguida sa\u00edram do local sem serem identificados e tomando destino ignorado.<\/p>\n<p style=\"text-align: justify;\">Populares acionaram a equipe do SAMU para prestar os primeiros socorros as v\u00edtimas, mas ao chegarem no local do crime as v\u00edtimas j\u00e1 estavam sem vida, pai e filho j\u00e1 estavam sem sinais vitais.<br \/>As v\u00edtimas eram: Armando Lima da Silva, de 46 anos (Pai) e Jackson In\u00e1cio Lima da Silva, de 19 anos (no pr\u00f3ximo dia 13, Jackson faria 20 anos de vida).<\/p>\n<p style=\"text-align: justify;\">Ap\u00f3s o levantamento cadav\u00e9rico os corpos foram recolhidos ao Instituto M\u00e9dico-Legal (IML) de Caruaru, tamb\u00e9m no agreste do estado.<br \/>E as investiga\u00e7\u00f5es ficam a cargo da Pol\u00edcia Civil de Vertentes, que contabiliza mais dois homic\u00eddios, o terceiro em menos de uma semana e o 12\u00b0 no ano.<\/p>\n<p style=\"text-align: justify;\">Por Deivson Douglas &#8211; Jornal Vertentes Not\u00edcias.<\/p>\n\n\n<figure class=\"wp-block-image\"><img loading=\"lazy\" decoding=\"async\" width=\"532\" height=\"542\" src=\"http:\/\/blogdoedvaldomagalhaes.com.br\/wp-content\/uploads\/2019\/11\/20191103_231158.jpg\" alt=\"\" class=\"wp-image-47993\" srcset=\"https:\/\/blogdoedvaldomagalhaes.com.br\/wp-content\/uploads\/2019\/11\/20191103_231158.jpg 532w, https:\/\/blogdoedvaldomagalhaes.com.br\/wp-content\/uploads\/2019\/11\/20191103_231158-294x300.jpg 294w\" sizes=\"auto, (max-width: 532px) 100vw, 532px\" \/><figcaption>Armando Lima<\/figcaption><\/figure>\n\n\n\n<figure class=\"wp-block-image\"><img loading=\"lazy\" decoding=\"async\" width=\"285\" height=\"553\" src=\"http:\/\/blogdoedvaldomagalhaes.com.br\/wp-content\/uploads\/2019\/11\/20191103_231116.jpg\" alt=\"\" class=\"wp-image-47994\" srcset=\"https:\/\/blogdoedvaldomagalhaes.com.br\/wp-content\/uploads\/2019\/11\/20191103_231116.jpg 285w, https:\/\/blogdoedvaldomagalhaes.com.br\/wp-content\/uploads\/2019\/11\/20191103_231116-155x300.jpg 155w\" sizes=\"auto, (max-width: 285px) 100vw, 285px\" \/><figcaption>Jackson Lima<\/figcaption><\/figure>\n","protected":false},"excerpt":{"rendered":"<p>Passava pouco mais das 20h quando uma trag\u00e9dia familiar chocou a cidade de Vertentes (150 quil\u00f4metros da capital) na noite&hellip;<\/p>\n","protected":false},"author":1,"featured_media":47991,"comment_status":"open","ping_status":"open","sticky":false,"template":"","format":"standard","meta":{"footnotes":""},"categories":[14121],"tags":[2,16518],"class_list":["post-47990","post","type-post","status-publish","format-standard","has-post-thumbnail","hentry","category-policial","tag-blog-do-edvaldo-magalhaes","tag-pai-e-filho-sao-assassinados-em-vertentes"],"_links":{"self":[{"href":"https:\/\/blogdoedvaldomagalhaes.com.br\/index.php\/wp-json\/wp\/v2\/posts\/47990","targetHints":{"allow":["GET"]}}],"collection":[{"href":"https:\/\/blogdoedvaldomagalhaes.com.br\/index.php\/wp-json\/wp\/v2\/posts"}],"about":[{"href":"https:\/\/blogdoedvaldomagalhaes.com.br\/index.php\/wp-json\/wp\/v2\/types\/post"}],"author":[{"embeddable":true,"href":"https:\/\/blogdoedvaldomagalhaes.com.br\/index.php\/wp-json\/wp\/v2\/users\/1"}],"replies":[{"embeddable":true,"href":"https:\/\/blogdoedvaldomagalhaes.com.br\/index.php\/wp-json\/wp\/v2\/comments?post=47990"}],"version-history":[{"count":1,"href":"https:\/\/blogdoedvaldomagalhaes.com.br\/index.php\/wp-json\/wp\/v2\/posts\/47990\/revisions"}],"predecessor-version":[{"id":47995,"href":"https:\/\/blogdoedvaldomagalhaes.com.br\/index.php\/wp-json\/wp\/v2\/posts\/47990\/revisions\/47995"}],"wp:featuredmedia":[{"embeddable":true,"href":"https:\/\/blogdoedvaldomagalhaes.com.br\/index.php\/wp-json\/wp\/v2\/media\/47991"}],"wp:attachment":[{"href":"https:\/\/blogdoedvaldomagalhaes.com.br\/index.php\/wp-json\/wp\/v2\/media?parent=47990"}],"wp:term":[{"taxonomy":"category","embeddable":true,"href":"https:\/\/blogdoedvaldomagalhaes.com.br\/index.php\/wp-json\/wp\/v2\/categories?post=47990"},{"taxonomy":"post_tag","embeddable":true,"href":"https:\/\/blogdoedvaldomagalhaes.com.br\/index.php\/wp-json\/wp\/v2\/tags?post=47990"}],"curies":[{"name":"wp","href":"https:\/\/api.w.org\/{rel}","templated":true}]}}