{"id":47987,"date":"2019-11-03T20:11:18","date_gmt":"2019-11-03T23:11:18","guid":{"rendered":"http:\/\/blogdoedvaldomagalhaes.com.br\/?p=47987"},"modified":"2019-11-03T20:11:21","modified_gmt":"2019-11-03T23:11:21","slug":"rio-ipojuca-sera-vistoriado-pelo-projeto-blitz-do-crea","status":"publish","type":"post","link":"https:\/\/blogdoedvaldomagalhaes.com.br\/index.php\/2019\/11\/03\/rio-ipojuca-sera-vistoriado-pelo-projeto-blitz-do-crea\/","title":{"rendered":"Rio Ipojuca ser\u00e1 vistoriado pelo projeto Blitz do Crea"},"content":{"rendered":"<p style=\"text-align: justify;\">O Rio Ipojuca, terceiro rio mais polu\u00eddo do Brasil, segundo \u00faltimo levantamento do IBGE, que nasce na Serra das Porteiras, munic\u00edpio de Arcoverde, no Sert\u00e3o de Pernambuco, ser\u00e1 vistoriado a partir desta segunda-feira (04). Trata-se de uma a\u00e7\u00e3o do projeto Blitz do Crea, que tem por objetivo percorrer espa\u00e7os p\u00fablicos do Estado com a finalidade de identificar riscos \u00e0 popula\u00e7\u00e3o e sugerir melhorias aos \u00f3rg\u00e3os competentes.<\/p>\n<p style=\"text-align: justify;\">O grupo de 15 t\u00e9cnicos ir\u00e1 percorrer os cerca de 320 Km de extens\u00e3o do curso d\u2019\u00e1gua, tendo como ponto de partida a nascente do rio, em Arcoverde. Na miss\u00e3o, os t\u00e9cnicos ir\u00e3o coletar amostras da \u00e1gua para an\u00e1lise. O procedimento tamb\u00e9m apontar\u00e1 quest\u00f5es relativas \u00e0s condi\u00e7\u00f5es de sustentabilidade.<\/p>\n<p style=\"text-align: justify;\">O ponto de partida dos t\u00e9cnicos ser\u00e1 na nascente do rio, em Arcoverde, de onde seguir\u00e3o para verifica\u00e7\u00e3o de dois pontos do curso, em Caruaru. Nesta ter\u00e7a-feira (05), o alvo ser\u00e1 outro ponto do rio na cidade de Gravat\u00e1 e, finalmente, a quarta e \u00faltima parada ser\u00e1 no munic\u00edpio de Ipojuca.<\/p>\n<p style=\"text-align: justify;\">A conclus\u00e3o dos trabalhos se dar\u00e1 com a produ\u00e7\u00e3o de relat\u00f3rio contendo informa\u00e7\u00f5es pormenorizadas sobre todos os itens verificados pelos t\u00e9cnicos do Crea, para ser entregue as autoridades competentes, com sugest\u00f5es de interven\u00e7\u00f5es de mitiga\u00e7\u00e3o dos problemas apontados.<\/p>\n<p>Informa\u00e7\u00f5es: R\u00e1dio Liberdade.<\/p>\n<p>Foto: Helenivaldo Pereira.<\/p>\n","protected":false},"excerpt":{"rendered":"<p>O Rio Ipojuca, terceiro rio mais polu\u00eddo do Brasil, segundo \u00faltimo levantamento do IBGE, que nasce na Serra das Porteiras,&hellip;<\/p>\n","protected":false},"author":1,"featured_media":47988,"comment_status":"open","ping_status":"open","sticky":false,"template":"","format":"standard","meta":{"footnotes":""},"categories":[14120],"tags":[2,16517],"class_list":["post-47987","post","type-post","status-publish","format-standard","has-post-thumbnail","hentry","category-noticias","tag-blog-do-edvaldo-magalhaes","tag-rio-ipojuca-sera-vistoriado-pelo-projeto-blitz-do-crea"],"_links":{"self":[{"href":"https:\/\/blogdoedvaldomagalhaes.com.br\/index.php\/wp-json\/wp\/v2\/posts\/47987","targetHints":{"allow":["GET"]}}],"collection":[{"href":"https:\/\/blogdoedvaldomagalhaes.com.br\/index.php\/wp-json\/wp\/v2\/posts"}],"about":[{"href":"https:\/\/blogdoedvaldomagalhaes.com.br\/index.php\/wp-json\/wp\/v2\/types\/post"}],"author":[{"embeddable":true,"href":"https:\/\/blogdoedvaldomagalhaes.com.br\/index.php\/wp-json\/wp\/v2\/users\/1"}],"replies":[{"embeddable":true,"href":"https:\/\/blogdoedvaldomagalhaes.com.br\/index.php\/wp-json\/wp\/v2\/comments?post=47987"}],"version-history":[{"count":1,"href":"https:\/\/blogdoedvaldomagalhaes.com.br\/index.php\/wp-json\/wp\/v2\/posts\/47987\/revisions"}],"predecessor-version":[{"id":47989,"href":"https:\/\/blogdoedvaldomagalhaes.com.br\/index.php\/wp-json\/wp\/v2\/posts\/47987\/revisions\/47989"}],"wp:featuredmedia":[{"embeddable":true,"href":"https:\/\/blogdoedvaldomagalhaes.com.br\/index.php\/wp-json\/wp\/v2\/media\/47988"}],"wp:attachment":[{"href":"https:\/\/blogdoedvaldomagalhaes.com.br\/index.php\/wp-json\/wp\/v2\/media?parent=47987"}],"wp:term":[{"taxonomy":"category","embeddable":true,"href":"https:\/\/blogdoedvaldomagalhaes.com.br\/index.php\/wp-json\/wp\/v2\/categories?post=47987"},{"taxonomy":"post_tag","embeddable":true,"href":"https:\/\/blogdoedvaldomagalhaes.com.br\/index.php\/wp-json\/wp\/v2\/tags?post=47987"}],"curies":[{"name":"wp","href":"https:\/\/api.w.org\/{rel}","templated":true}]}}