{"id":47984,"date":"2019-11-03T19:42:37","date_gmt":"2019-11-03T22:42:37","guid":{"rendered":"http:\/\/blogdoedvaldomagalhaes.com.br\/?p=47984"},"modified":"2019-11-03T19:42:38","modified_gmt":"2019-11-03T22:42:38","slug":"camara-de-surubim-homenageia-radialista-sergio-ricardo-com-nome-em-cabine-de-imprensa","status":"publish","type":"post","link":"https:\/\/blogdoedvaldomagalhaes.com.br\/index.php\/2019\/11\/03\/camara-de-surubim-homenageia-radialista-sergio-ricardo-com-nome-em-cabine-de-imprensa\/","title":{"rendered":"C\u00e2mara de Surubim homenageia radialista S\u00e9rgio Ricardo com nome em cabine de imprensa"},"content":{"rendered":"<p style=\"text-align: justify;\">\nA C\u00e2mara de Vereadores de Surubim aprovou no dia 24 de outubro requerimento de autoria da vereadora Ivete Ramos (PT) que faz apelo a prefeita Ana C\u00e9lia (PSB) a secret\u00e1ria de Juventude e Esportes Fernanda Leal para envidarem esfor\u00e7os no sentido de que seja denominado de Cabine de Imprensa S\u00e9rgio Ricardo de Fran\u00e7a Lima, em homenagem ao eterno locutor da cidade, no Est\u00e1dio Carlos Alberto de Oliveira, recentemente reformado.\u00a0S\u00e9rgio Ricardo faleceu no dia 22 de outubro de 2012, aos 44 anos, ap\u00f3s perder a luta contra um c\u00e2ncer.<\/p>\n<p>O radialista come\u00e7ou a carreira na d\u00e9cada de 80, na R\u00e1dio Surubim AM. Ele tamb\u00e9m trabalhou em v\u00e1rias emissoras da regi\u00e3o como a R\u00e1dio Difusora de Limoeiro, Integra\u00e7\u00e3o FM (Surubim), R\u00e1dio Educadora de Bel\u00e9m de S\u00e3o Francisco, Tambor FM (Vertente do L\u00e9rio), Pop FM (Surubim), Casinhas FM e Farol FM de Taquaritinga do Norte.\u00a0O mais famoso bord\u00e3o criado por ele era &#8220;t\u00e1 falando com ele&#8221;, sempre utilizado na abertura dos programas que apresentava. Antes de ter a doen\u00e7a diagnosticada, S\u00e9rgio estava atuando como narrador esportivo na equipe de esportes da R\u00e1dio Integra\u00e7\u00e3o FM.\u00a0O comunicador era casado com Joelma Santos e tinha tr\u00eas filhas.<\/p>\n<p>&#8220;Em nome da fam\u00edlia, coube-me a honra de agradecer, primeiramente, a vereadora Ivete pela grata iniciativa de homenagear o meu irm\u00e3o Sergio Ricardo e, tamb\u00e9m, aos ilustres membros integrantes da C\u00e2mara Municipal de Vereadores de Surubim pela acolhida da proposta e sua aprova\u00e7\u00e3o. Essa homenagem t\u00e3o simples em sua forma, mas t\u00e3o grandiosa em sua inten\u00e7\u00e3o nos deixa muito felizes pelo reconhecimento do trabalho que ele desenvolvia com amor e muito profissionalismo. Era na cabine de imprensa que Sergio Ricardo se sentia feliz e transmitia o desenrolar dos jogos com muita perfei\u00e7\u00e3o e maestria&#8221;, declarou Claudionor de Fran\u00e7a Lima.<\/p>\n<p>Fonte: Mais Casinhas.<\/p>\n","protected":false},"excerpt":{"rendered":"<p>A C\u00e2mara de Vereadores de Surubim aprovou no dia 24 de outubro requerimento de autoria da vereadora Ivete Ramos (PT)&hellip;<\/p>\n","protected":false},"author":1,"featured_media":47985,"comment_status":"open","ping_status":"open","sticky":false,"template":"","format":"standard","meta":{"footnotes":""},"categories":[14122],"tags":[2,16516],"class_list":["post-47984","post","type-post","status-publish","format-standard","has-post-thumbnail","hentry","category-politica","tag-blog-do-edvaldo-magalhaes","tag-camara-de-surubim-homenageia-radialista-sergio-ricardo-com-nome-em-cabine-de-imprensa"],"_links":{"self":[{"href":"https:\/\/blogdoedvaldomagalhaes.com.br\/index.php\/wp-json\/wp\/v2\/posts\/47984","targetHints":{"allow":["GET"]}}],"collection":[{"href":"https:\/\/blogdoedvaldomagalhaes.com.br\/index.php\/wp-json\/wp\/v2\/posts"}],"about":[{"href":"https:\/\/blogdoedvaldomagalhaes.com.br\/index.php\/wp-json\/wp\/v2\/types\/post"}],"author":[{"embeddable":true,"href":"https:\/\/blogdoedvaldomagalhaes.com.br\/index.php\/wp-json\/wp\/v2\/users\/1"}],"replies":[{"embeddable":true,"href":"https:\/\/blogdoedvaldomagalhaes.com.br\/index.php\/wp-json\/wp\/v2\/comments?post=47984"}],"version-history":[{"count":1,"href":"https:\/\/blogdoedvaldomagalhaes.com.br\/index.php\/wp-json\/wp\/v2\/posts\/47984\/revisions"}],"predecessor-version":[{"id":47986,"href":"https:\/\/blogdoedvaldomagalhaes.com.br\/index.php\/wp-json\/wp\/v2\/posts\/47984\/revisions\/47986"}],"wp:featuredmedia":[{"embeddable":true,"href":"https:\/\/blogdoedvaldomagalhaes.com.br\/index.php\/wp-json\/wp\/v2\/media\/47985"}],"wp:attachment":[{"href":"https:\/\/blogdoedvaldomagalhaes.com.br\/index.php\/wp-json\/wp\/v2\/media?parent=47984"}],"wp:term":[{"taxonomy":"category","embeddable":true,"href":"https:\/\/blogdoedvaldomagalhaes.com.br\/index.php\/wp-json\/wp\/v2\/categories?post=47984"},{"taxonomy":"post_tag","embeddable":true,"href":"https:\/\/blogdoedvaldomagalhaes.com.br\/index.php\/wp-json\/wp\/v2\/tags?post=47984"}],"curies":[{"name":"wp","href":"https:\/\/api.w.org\/{rel}","templated":true}]}}