{"id":47981,"date":"2019-11-03T19:32:09","date_gmt":"2019-11-03T22:32:09","guid":{"rendered":"http:\/\/blogdoedvaldomagalhaes.com.br\/?p=47981"},"modified":"2019-11-03T19:32:12","modified_gmt":"2019-11-03T22:32:12","slug":"garota-de-12-anos-precisa-de-cadeira-de-rodas-motorizada-para-poder-voltar-a-estudar","status":"publish","type":"post","link":"https:\/\/blogdoedvaldomagalhaes.com.br\/index.php\/2019\/11\/03\/garota-de-12-anos-precisa-de-cadeira-de-rodas-motorizada-para-poder-voltar-a-estudar\/","title":{"rendered":"Garota de 12 anos precisa de cadeira de rodas motorizada para poder voltar a estudar"},"content":{"rendered":"<p style=\"text-align: justify;\">A garotinha Milena Bezerra, de 12 anos, que reside no S\u00edtio Esmera, em Riacho das Almas, sofre de distrofia muscular duchenne, um tipo de doen\u00e7a que surge por incapacidade de o organismo produzir uma prote\u00edna fundamental para o funcionamento do m\u00fasculo. Devido a esse problema, ela tem grandes dificuldades no seu dia a dia para movimentar as pernas. Para amenizar um pouco esse sofrimento, Milena tem um sonho: conseguir uma cadeira de rodas motorizada para facilitar mais a sua vida e poder voltar a estudar (j\u00e1 faz seis meses que deixou de ir \u00e0 escola) e brincar com as amigas.<\/p>\n<p style=\"text-align: justify;\">Acompanhando todo o sofrimento da filha, que, al\u00e9m da cadeira de rodas, precisa tamb\u00e9m de outros cuidados, como fraldas, leites e suplementos, a m\u00e3e Ironeide Bezerra faz um apelo atrav\u00e9s do Jornal VANGUARDA. \u201cMinha filha, apesar do problema que tem, \u00e9 muito cheia de vida. Essa cadeira de rodas motorizada ia fazer com que ela fosse mais independente, tanto para ir \u00e0 escola como para acompanhar as brincadeiras com as amiguinhas, sem precisar de algu\u00e9m para ajud\u00e1-la\u201d, afirmou.<\/p>\n<p style=\"text-align: justify;\">De acordo com Ironeide, Milena nasceu normal e come\u00e7ou a perder os movimentos com 8 anos. Agora com 12 anos, ela tem as pernas atrofiadas. \u201cDa ter\u00e7a a sexta, temos que viajar para o Recife para fazer tratamentos e fisioterapia nas unidades ACD, Hospital Raras e Ot\u00e1vio de Freitas. Temos uma cadeira de rodas normal, que tamb\u00e9m n\u00e3o est\u00e1 em boas condi\u00e7\u00f5es, mas \u00e9 muito desgastante, principalmente para ela, devido \u00e0s dificuldades\u201d, afirmou a m\u00e3e.<\/p>\n<p style=\"text-align: justify;\">Atualmente, Ironeide n\u00e3o est\u00e1 trabalhando, o que dificulta at\u00e9 a compra dos produtos necess\u00e1rios para a sobreviv\u00eancia da filha. \u201cMeu maior sonho era voltar a andar, mas como eu n\u00e3o posso, queria uma cadeira de rodas motorizada para poder brincar com minhas amigas e voltar para a escola\u201d, afirmou Milena.<\/p>\n<p style=\"text-align: justify;\">Quem puder contribuir com a cadeira ou mesmo com fralda (tamanho extra GG infantil), leite (Nutren Kids \u2013 Nestl\u00e9) e suplemento (Fortini \u2013 Danone) pode entrar em contado pelo WhatsApp 98157-1371 ou entregar no endere\u00e7o da irm\u00e3 de Milena, que mora em Caruaru, na Rua Manoel Alves, n\u00b0 131, no Loteamento Fernando Lyra.<\/p>\n<p>Fonte: Blog do Vanguarda.<\/p>\n","protected":false},"excerpt":{"rendered":"<p>A garotinha Milena Bezerra, de 12 anos, que reside no S\u00edtio Esmera, em Riacho das Almas, sofre de distrofia muscular&hellip;<\/p>\n","protected":false},"author":1,"featured_media":47982,"comment_status":"open","ping_status":"open","sticky":false,"template":"","format":"standard","meta":{"footnotes":""},"categories":[14120],"tags":[2,16514],"class_list":["post-47981","post","type-post","status-publish","format-standard","has-post-thumbnail","hentry","category-noticias","tag-blog-do-edvaldo-magalhaes","tag-garota-de-12-anos-precisa-de-cadeira-de-rodas-motorizada-para-poder-voltar-a-estudar"],"_links":{"self":[{"href":"https:\/\/blogdoedvaldomagalhaes.com.br\/index.php\/wp-json\/wp\/v2\/posts\/47981","targetHints":{"allow":["GET"]}}],"collection":[{"href":"https:\/\/blogdoedvaldomagalhaes.com.br\/index.php\/wp-json\/wp\/v2\/posts"}],"about":[{"href":"https:\/\/blogdoedvaldomagalhaes.com.br\/index.php\/wp-json\/wp\/v2\/types\/post"}],"author":[{"embeddable":true,"href":"https:\/\/blogdoedvaldomagalhaes.com.br\/index.php\/wp-json\/wp\/v2\/users\/1"}],"replies":[{"embeddable":true,"href":"https:\/\/blogdoedvaldomagalhaes.com.br\/index.php\/wp-json\/wp\/v2\/comments?post=47981"}],"version-history":[{"count":1,"href":"https:\/\/blogdoedvaldomagalhaes.com.br\/index.php\/wp-json\/wp\/v2\/posts\/47981\/revisions"}],"predecessor-version":[{"id":47983,"href":"https:\/\/blogdoedvaldomagalhaes.com.br\/index.php\/wp-json\/wp\/v2\/posts\/47981\/revisions\/47983"}],"wp:featuredmedia":[{"embeddable":true,"href":"https:\/\/blogdoedvaldomagalhaes.com.br\/index.php\/wp-json\/wp\/v2\/media\/47982"}],"wp:attachment":[{"href":"https:\/\/blogdoedvaldomagalhaes.com.br\/index.php\/wp-json\/wp\/v2\/media?parent=47981"}],"wp:term":[{"taxonomy":"category","embeddable":true,"href":"https:\/\/blogdoedvaldomagalhaes.com.br\/index.php\/wp-json\/wp\/v2\/categories?post=47981"},{"taxonomy":"post_tag","embeddable":true,"href":"https:\/\/blogdoedvaldomagalhaes.com.br\/index.php\/wp-json\/wp\/v2\/tags?post=47981"}],"curies":[{"name":"wp","href":"https:\/\/api.w.org\/{rel}","templated":true}]}}