{"id":47963,"date":"2019-11-02T22:55:38","date_gmt":"2019-11-03T01:55:38","guid":{"rendered":"http:\/\/blogdoedvaldomagalhaes.com.br\/?p=47963"},"modified":"2019-11-03T09:08:32","modified_gmt":"2019-11-03T12:08:32","slug":"noite-violenta-em-caruaru-dois-homicidios-e-uma-tentativa-de-homicidio","status":"publish","type":"post","link":"https:\/\/blogdoedvaldomagalhaes.com.br\/index.php\/2019\/11\/02\/noite-violenta-em-caruaru-dois-homicidios-e-uma-tentativa-de-homicidio\/","title":{"rendered":"Noite violenta em Caruaru: dois homic\u00eddios e uma tentativa de homic\u00eddio"},"content":{"rendered":"<p style=\"text-align: justify;\">Noite violenta em Caruaru, neste s\u00e1bado (02). Segundo informa\u00e7\u00f5es da pol\u00edcia, foi assassinado a tiros Valter Pedro Silva, de 23 anos, na rua do Norte, na Vila Pau Santo, zona rural de Caruaru, quando estava em um bar, e chegou<span style=\"font-size: inherit;\"> um automov\u00e9l Parati e de onde sa\u00edram disparos de arma de fogo contra a v\u00edtima, que caiu no ch\u00e3o e um dos algozes se aproximou e efetuou um disparo de arma de grosso calibre no rosto da v\u00edtima, fugindo sem serem identificados.<\/span><\/p>\n<p style=\"text-align: justify;\">O segundo homicidio ocorreu na rua Washington Clemente da Fran\u00e7a Gon\u00e7alves, no bairro Jos\u00e9 Carlos de Oliveira, tendo como v\u00edtima o ex-presidi\u00e1rio Jos\u00e9 Luan Ferreira Tavares, de 20 anos, natural de Toritama, e atualmente morava no bairro em que foi morto em Caruaru. De acordo com informa\u00e7\u00f5es da pol\u00edcia, a v\u00edtima passava pela referida rua com a namorada, quando apareceram dois indiv\u00edduos em motocicleta, e come\u00e7aram a atirar, a v\u00edtima tentou fugir, mas n\u00e3o conseguiu.<\/p>\n<p style=\"text-align: justify;\">J\u00e1 s\u00e3o dois homic\u00eddios no m\u00eas de novembro, e 142 no ano de 2019, em Caruaru.<\/p>\n<p style=\"text-align: justify;\">Na rua Maria Vitorino, no bairro Centen\u00e1rio houve uma tentativa de homicidio por arma branca. A v\u00edtima foi H\u00e9rcules Jos\u00e9 Ribeiro Batista, que sofreu uma facada no peito.<\/p>\n\n\n<figure class=\"wp-block-image\"><img loading=\"lazy\" decoding=\"async\" width=\"569\" height=\"1024\" src=\"http:\/\/blogdoedvaldomagalhaes.com.br\/wp-content\/uploads\/2019\/11\/IMG-20191102-WA0246-569x1024.jpg\" alt=\"\" class=\"wp-image-47971\" srcset=\"https:\/\/blogdoedvaldomagalhaes.com.br\/wp-content\/uploads\/2019\/11\/IMG-20191102-WA0246-569x1024.jpg 569w, https:\/\/blogdoedvaldomagalhaes.com.br\/wp-content\/uploads\/2019\/11\/IMG-20191102-WA0246-167x300.jpg 167w, https:\/\/blogdoedvaldomagalhaes.com.br\/wp-content\/uploads\/2019\/11\/IMG-20191102-WA0246.jpg 711w\" sizes=\"auto, (max-width: 569px) 100vw, 569px\" \/><figcaption>Valter Pedro Silva<\/figcaption><\/figure>\n\n\n\n<figure class=\"wp-block-image\"><img loading=\"lazy\" decoding=\"async\" width=\"595\" height=\"1024\" src=\"http:\/\/blogdoedvaldomagalhaes.com.br\/wp-content\/uploads\/2019\/11\/IMG-20191102-WA0245-595x1024.jpg\" alt=\"\" class=\"wp-image-47972\" srcset=\"https:\/\/blogdoedvaldomagalhaes.com.br\/wp-content\/uploads\/2019\/11\/IMG-20191102-WA0245-595x1024.jpg 595w, https:\/\/blogdoedvaldomagalhaes.com.br\/wp-content\/uploads\/2019\/11\/IMG-20191102-WA0245-174x300.jpg 174w, https:\/\/blogdoedvaldomagalhaes.com.br\/wp-content\/uploads\/2019\/11\/IMG-20191102-WA0245.jpg 609w\" sizes=\"auto, (max-width: 595px) 100vw, 595px\" \/><figcaption>Jos\u00e9 Luan<\/figcaption><\/figure>\n","protected":false},"excerpt":{"rendered":"<p>Noite violenta em Caruaru, neste s\u00e1bado (02). Segundo informa\u00e7\u00f5es da pol\u00edcia, foi assassinado a tiros Valter Pedro Silva, de 23&hellip;<\/p>\n","protected":false},"author":1,"featured_media":47964,"comment_status":"open","ping_status":"open","sticky":false,"template":"","format":"standard","meta":{"footnotes":""},"categories":[14121],"tags":[2,16513],"class_list":["post-47963","post","type-post","status-publish","format-standard","has-post-thumbnail","hentry","category-policial","tag-blog-do-edvaldo-magalhaes","tag-noite-violenta-em-caruaru-dois-homicidios-e-uma-tentativa-de-homicidio"],"_links":{"self":[{"href":"https:\/\/blogdoedvaldomagalhaes.com.br\/index.php\/wp-json\/wp\/v2\/posts\/47963","targetHints":{"allow":["GET"]}}],"collection":[{"href":"https:\/\/blogdoedvaldomagalhaes.com.br\/index.php\/wp-json\/wp\/v2\/posts"}],"about":[{"href":"https:\/\/blogdoedvaldomagalhaes.com.br\/index.php\/wp-json\/wp\/v2\/types\/post"}],"author":[{"embeddable":true,"href":"https:\/\/blogdoedvaldomagalhaes.com.br\/index.php\/wp-json\/wp\/v2\/users\/1"}],"replies":[{"embeddable":true,"href":"https:\/\/blogdoedvaldomagalhaes.com.br\/index.php\/wp-json\/wp\/v2\/comments?post=47963"}],"version-history":[{"count":12,"href":"https:\/\/blogdoedvaldomagalhaes.com.br\/index.php\/wp-json\/wp\/v2\/posts\/47963\/revisions"}],"predecessor-version":[{"id":47978,"href":"https:\/\/blogdoedvaldomagalhaes.com.br\/index.php\/wp-json\/wp\/v2\/posts\/47963\/revisions\/47978"}],"wp:featuredmedia":[{"embeddable":true,"href":"https:\/\/blogdoedvaldomagalhaes.com.br\/index.php\/wp-json\/wp\/v2\/media\/47964"}],"wp:attachment":[{"href":"https:\/\/blogdoedvaldomagalhaes.com.br\/index.php\/wp-json\/wp\/v2\/media?parent=47963"}],"wp:term":[{"taxonomy":"category","embeddable":true,"href":"https:\/\/blogdoedvaldomagalhaes.com.br\/index.php\/wp-json\/wp\/v2\/categories?post=47963"},{"taxonomy":"post_tag","embeddable":true,"href":"https:\/\/blogdoedvaldomagalhaes.com.br\/index.php\/wp-json\/wp\/v2\/tags?post=47963"}],"curies":[{"name":"wp","href":"https:\/\/api.w.org\/{rel}","templated":true}]}}