{"id":47958,"date":"2019-11-02T17:49:44","date_gmt":"2019-11-02T20:49:44","guid":{"rendered":"http:\/\/blogdoedvaldomagalhaes.com.br\/?p=47958"},"modified":"2019-11-02T22:33:24","modified_gmt":"2019-11-03T01:33:24","slug":"central-perde-para-o-petrolina-nos-penaltis-e-e-desclassificado-do-estadual-sub-20","status":"publish","type":"post","link":"https:\/\/blogdoedvaldomagalhaes.com.br\/index.php\/2019\/11\/02\/central-perde-para-o-petrolina-nos-penaltis-e-e-desclassificado-do-estadual-sub-20\/","title":{"rendered":"Central perde para o Petrolina nos p\u00eanaltis e \u00e9 desclassificado do Estadual sub-20"},"content":{"rendered":"<p style=\"text-align: justify;\">O Central Sport Club enfrentou o Petrolina, neste s\u00e1bado (02), no Est\u00e1dio Luiz Jos\u00e9 de Lacerda (Lacerd\u00e3o), em Caruaru, empatando no tempo normal por 2 a 2, e perdendo por 3 a 0 nos tiros livres direto da marca do p\u00eanalti, pelas quartas de finais do Campeonato Pernambucano sub-20. O Central est\u00e1 desclassificado da competi\u00e7\u00e3o.<\/p>\n","protected":false},"excerpt":{"rendered":"<p>O Central Sport Club enfrentou o Petrolina, neste s\u00e1bado (02), no Est\u00e1dio Luiz Jos\u00e9 de Lacerda (Lacerd\u00e3o), em Caruaru, empatando&hellip;<\/p>\n","protected":false},"author":1,"featured_media":47960,"comment_status":"open","ping_status":"open","sticky":false,"template":"","format":"standard","meta":{"footnotes":""},"categories":[14124],"tags":[2,16512],"class_list":["post-47958","post","type-post","status-publish","format-standard","has-post-thumbnail","hentry","category-centralsc","tag-blog-do-edvaldo-magalhaes","tag-central-perde-para-o-petrolina-nos-penaltis-e-e-desclassificado-do-estadual-sub-20"],"_links":{"self":[{"href":"https:\/\/blogdoedvaldomagalhaes.com.br\/index.php\/wp-json\/wp\/v2\/posts\/47958","targetHints":{"allow":["GET"]}}],"collection":[{"href":"https:\/\/blogdoedvaldomagalhaes.com.br\/index.php\/wp-json\/wp\/v2\/posts"}],"about":[{"href":"https:\/\/blogdoedvaldomagalhaes.com.br\/index.php\/wp-json\/wp\/v2\/types\/post"}],"author":[{"embeddable":true,"href":"https:\/\/blogdoedvaldomagalhaes.com.br\/index.php\/wp-json\/wp\/v2\/users\/1"}],"replies":[{"embeddable":true,"href":"https:\/\/blogdoedvaldomagalhaes.com.br\/index.php\/wp-json\/wp\/v2\/comments?post=47958"}],"version-history":[{"count":2,"href":"https:\/\/blogdoedvaldomagalhaes.com.br\/index.php\/wp-json\/wp\/v2\/posts\/47958\/revisions"}],"predecessor-version":[{"id":47962,"href":"https:\/\/blogdoedvaldomagalhaes.com.br\/index.php\/wp-json\/wp\/v2\/posts\/47958\/revisions\/47962"}],"wp:featuredmedia":[{"embeddable":true,"href":"https:\/\/blogdoedvaldomagalhaes.com.br\/index.php\/wp-json\/wp\/v2\/media\/47960"}],"wp:attachment":[{"href":"https:\/\/blogdoedvaldomagalhaes.com.br\/index.php\/wp-json\/wp\/v2\/media?parent=47958"}],"wp:term":[{"taxonomy":"category","embeddable":true,"href":"https:\/\/blogdoedvaldomagalhaes.com.br\/index.php\/wp-json\/wp\/v2\/categories?post=47958"},{"taxonomy":"post_tag","embeddable":true,"href":"https:\/\/blogdoedvaldomagalhaes.com.br\/index.php\/wp-json\/wp\/v2\/tags?post=47958"}],"curies":[{"name":"wp","href":"https:\/\/api.w.org\/{rel}","templated":true}]}}