{"id":47955,"date":"2019-11-01T14:32:22","date_gmt":"2019-11-01T17:32:22","guid":{"rendered":"http:\/\/blogdoedvaldomagalhaes.com.br\/?p=47955"},"modified":"2019-11-01T14:32:25","modified_gmt":"2019-11-01T17:32:25","slug":"servidores-da-destra-decretam-estado-de-greve-e-denuncia-sobre-multas-de-transito-vai-parar-no-ministerio-publico","status":"publish","type":"post","link":"https:\/\/blogdoedvaldomagalhaes.com.br\/index.php\/2019\/11\/01\/servidores-da-destra-decretam-estado-de-greve-e-denuncia-sobre-multas-de-transito-vai-parar-no-ministerio-publico\/","title":{"rendered":"Servidores da Destra decretam estado de greve e den\u00fancia sobre multas de tr\u00e2nsito vai parar no Minist\u00e9rio P\u00fablico"},"content":{"rendered":"<div class=\"post_text\">\n<p style=\"text-align: justify;\">Em assembleia na manh\u00e3 desta sexta-feira (01), na sede do Sismuc Regional, agentes de tr\u00e2nsito e guardas municipais da Destra decidiram decretar estado de greve. No encontro, foram discutidos reajuste salarial, aux\u00edlio alimenta\u00e7\u00e3o nas f\u00e9rias, aux\u00edlio transporte, corte salarial e corte do aux\u00edlio motoristas, entre outros pontos.<\/p>\n<p style=\"text-align: justify;\">O sindicato tamb\u00e9m revelou prec\u00e1rias condi\u00e7\u00f5es de trabalho dos servidores e alojamento, al\u00e9m de den\u00fancia sobre multas de tr\u00e2nsito que estariam sendo aplicadas de forma irregular. O caso ir\u00e1 parar no Minist\u00e9rio P\u00fablico, segundo o presidente do Sismuc, Eduardo Mendon\u00e7a.<\/p>\n<p style=\"text-align: justify;\">Uma nova assembleia foi marcada para o dia 11 de novembro, no Sismuc Regional, que fica localizado na rua Padre F\u00e9lix Barreto, bairro Maur\u00edcio de Nassau.<\/p>\n<p>Por Helenivaldo Pereira\/R\u00e1dio Liberdade.<\/p>\n<\/div>\n<div class=\"social_tags\">\n<div class=\"social_tags_left\" style=\"text-align: justify;\"><\/div>\n<\/div>\n","protected":false},"excerpt":{"rendered":"<p>Em assembleia na manh\u00e3 desta sexta-feira (01), na sede do Sismuc Regional, agentes de tr\u00e2nsito e guardas municipais da Destra&hellip;<\/p>\n","protected":false},"author":1,"featured_media":47956,"comment_status":"open","ping_status":"open","sticky":false,"template":"","format":"standard","meta":{"footnotes":""},"categories":[14120],"tags":[2,16511],"class_list":["post-47955","post","type-post","status-publish","format-standard","has-post-thumbnail","hentry","category-noticias","tag-blog-do-edvaldo-magalhaes","tag-servidores-da-destra-decretam-estado-de-greve-e-denuncia-sobre-multas-de-transito-vai-parar-no-ministerio-publico"],"_links":{"self":[{"href":"https:\/\/blogdoedvaldomagalhaes.com.br\/index.php\/wp-json\/wp\/v2\/posts\/47955","targetHints":{"allow":["GET"]}}],"collection":[{"href":"https:\/\/blogdoedvaldomagalhaes.com.br\/index.php\/wp-json\/wp\/v2\/posts"}],"about":[{"href":"https:\/\/blogdoedvaldomagalhaes.com.br\/index.php\/wp-json\/wp\/v2\/types\/post"}],"author":[{"embeddable":true,"href":"https:\/\/blogdoedvaldomagalhaes.com.br\/index.php\/wp-json\/wp\/v2\/users\/1"}],"replies":[{"embeddable":true,"href":"https:\/\/blogdoedvaldomagalhaes.com.br\/index.php\/wp-json\/wp\/v2\/comments?post=47955"}],"version-history":[{"count":1,"href":"https:\/\/blogdoedvaldomagalhaes.com.br\/index.php\/wp-json\/wp\/v2\/posts\/47955\/revisions"}],"predecessor-version":[{"id":47957,"href":"https:\/\/blogdoedvaldomagalhaes.com.br\/index.php\/wp-json\/wp\/v2\/posts\/47955\/revisions\/47957"}],"wp:featuredmedia":[{"embeddable":true,"href":"https:\/\/blogdoedvaldomagalhaes.com.br\/index.php\/wp-json\/wp\/v2\/media\/47956"}],"wp:attachment":[{"href":"https:\/\/blogdoedvaldomagalhaes.com.br\/index.php\/wp-json\/wp\/v2\/media?parent=47955"}],"wp:term":[{"taxonomy":"category","embeddable":true,"href":"https:\/\/blogdoedvaldomagalhaes.com.br\/index.php\/wp-json\/wp\/v2\/categories?post=47955"},{"taxonomy":"post_tag","embeddable":true,"href":"https:\/\/blogdoedvaldomagalhaes.com.br\/index.php\/wp-json\/wp\/v2\/tags?post=47955"}],"curies":[{"name":"wp","href":"https:\/\/api.w.org\/{rel}","templated":true}]}}