{"id":47952,"date":"2019-10-31T21:37:06","date_gmt":"2019-11-01T00:37:06","guid":{"rendered":"http:\/\/blogdoedvaldomagalhaes.com.br\/?p=47952"},"modified":"2019-10-31T21:37:08","modified_gmt":"2019-11-01T00:37:08","slug":"campanha-caixa-de-natal-sem-fome-contara-com-pontos-de-arrecadacao-em-caruaru","status":"publish","type":"post","link":"https:\/\/blogdoedvaldomagalhaes.com.br\/index.php\/2019\/10\/31\/campanha-caixa-de-natal-sem-fome-contara-com-pontos-de-arrecadacao-em-caruaru\/","title":{"rendered":"Campanha &#8216;Caixa de Natal Sem Fome&#8217; contar\u00e1 com pontos de arrecada\u00e7\u00e3o em Caruaru"},"content":{"rendered":"<p style=\"text-align: justify;\"><span style=\"font-size: inherit;\">A Prefeitura de Caruaru ser\u00e1 parceira da inciativa que visa distribuir alimentos para pessoas em situa\u00e7\u00e3o de vulnerabilidade social em Pernambuco_<\/span><\/p>\n<p style=\"text-align: justify;\">Lan\u00e7ada oficialmente no in\u00edcio do m\u00eas, em Olinda, a campanha &#8220;Caixa de Natal Sem Fome&#8221;, que arrecada alimentos n\u00e3o perec\u00edveis para pessoas em situa\u00e7\u00e3o de vulnerabilidade social, inicia no pr\u00f3ximo domingo, tr\u00eas de novembro, em Caruaru. O lan\u00e7amento ser\u00e1 no Caruaru Shopping, durante a festa de abertura da campanha \u201cUm Encanto de Natal\u201d promovida pelo centro de compras, que marca a chegada do Papai Noel, a partir das 14h. No local ser\u00e1 montado o primeiro ponto de arrecada\u00e7\u00e3o que funcionar\u00e1 apenas durante do evento, onde os integrantes da Banda Ful\u00f4 de Mandacaru, os embaixadores da campanha no munic\u00edpio, estar\u00e3o recebendo os donativos. A partir do dia quatro de novembro, pr\u00f3xima segunda-feira, as doa\u00e7\u00f5es poder\u00e3o ser entregues nos pontos de arrecada\u00e7\u00e3o que funcionar\u00e3o na Esta\u00e7\u00e3o Ferrovi\u00e1ria, na Casa da Cidadania da Faculdade ASCES-UNITA, localizada na Rua Monte Cassino, n\u00ba 792, Bairro Universit\u00e1rio (mesma rua da cl\u00ednica de Odonto da ASCES-UNITA), na Uninassau Caruaru e na Sala dos Advogados do F\u00f3rum Estadual. O hor\u00e1rio do recebimento \u00e9 das 08h \u00e0s 18h.<\/p>\n<p style=\"text-align: justify;\">A inciativa no munic\u00edpio conta com apoio da Prefeitura de Caruaru, por meio da Secretaria de Desenvolvimento Social e Direitos Humanos (SDSDH). Caruaru \u00e9 o principal polo de arrecada\u00e7\u00e3o da regi\u00e3o agreste. A meta deste ano \u00e9 arrecadar 500 toneladas de alimentos n\u00e3o perec\u00edveis que ser\u00e3o distribu\u00eddos para os moradores do agreste e de todas as regi\u00f5es de Pernambuco. A campanha segue at\u00e9 o dia seis de janeiro e j\u00e1 est\u00e1 sendo realizada na capital pernambucana. O projeto foi idealizado pelo soci\u00f3logo Herbert de Souza, o Betinho, no Rio de Janeiro, em 1993, e quando chegou a Pernambuco teve apoio de Dom H\u00e9lder C\u00e2mara, s\u00edmbolo da luta por igualdade social e contra as injusti\u00e7as no estado. O lan\u00e7amento oficial da campanha em Pernambuco aconteceu no dia seis de outubro durante uma missa na Igreja da S\u00e9 conduzida pelo arcebispo de Olinda e Recife, Dom Fernando Saburido.<\/p>\n<p style=\"text-align: justify;\">*Cantata Natalina*<\/p>\n<p style=\"text-align: justify;\">No dia primeiro de dezembro ser\u00e1 realizada a sexta edi\u00e7\u00e3o da cantata natalina do espet\u00e1culo \u201cCaixa de Natal\u201d nas janelas do Edif\u00edcio Caixa Cultural, no Bairro do Recife, em frente ao Marco Zero. O espet\u00e1culo grandioso j\u00e1 \u00e9 uma tradi\u00e7\u00e3o da programa\u00e7\u00e3o natalina da capital pernambucana e conta com a participa\u00e7\u00e3o do coral do Movimento Pr\u00f3-Crian\u00e7a, formado por 38 jovens e crian\u00e7as, acompanhado por uma banda montada com os melhores m\u00fasicos de Pernambuco especialmente para a noite da apresenta\u00e7\u00e3o.<\/p>\n<p style=\"text-align: justify;\">Na edi\u00e7\u00e3o do ano passado, o espet\u00e1culo atraiu um p\u00fablico de 100 mil pessoas e contou com a participa\u00e7\u00e3o especial da cantora Elba Ramalho. Em breve ser\u00e3o divulgados todos os detalhes e as novidades para esta edi\u00e7\u00e3o. A campanha \u201cCaixa de Natal Sem Fome\u201d \u00e9 um dos desdobramentos sociais do espet\u00e1culo Caixa de Natal.<\/p>\n<p style=\"text-align: justify;\">*Pontos de arrecada\u00e7\u00e3o*<\/p>\n<p style=\"text-align: justify;\">*Caruaru (a partir de 04 de novembro)*<\/p>\n<p style=\"text-align: justify;\">\u00b7 Esta\u00e7\u00e3o Ferrovi\u00e1ria;<\/p>\n<p style=\"text-align: justify;\">\u00b7 Casa da Cidadania da Faculdade ASCES-UNITA. Endere\u00e7o: Rua Monte Cassino, n\u00ba 792, Bairro Universit\u00e1rio (fica na rua da cl\u00ednica de Odonto da ASCES-UNITA);<\/p>\n<p style=\"text-align: justify;\">\u00b7 Uninassau Caruaru;<\/p>\n<p style=\"text-align: justify;\">\u00b7 No F\u00f3rum Estadual (sala dos advogados)<\/p>\n<p style=\"text-align: justify;\">*Recife*<\/p>\n<p style=\"text-align: justify;\">. Sede da Pol\u00edcia Civil<\/p>\n<p style=\"text-align: justify;\">\u00b7 Rua da Aurora, esquina com Rua Princesa Isabel<\/p>\n<p style=\"text-align: justify;\">DPCA da Madalena<\/p>\n<p style=\"text-align: justify;\">\u00b7 Rua Benfica, 1008<\/p>\n<p style=\"text-align: justify;\">Quartel do Derby<\/p>\n<p style=\"text-align: justify;\">\u00b7 Pra\u00e7a do Derby<\/p>\n<p style=\"text-align: justify;\">Quartel do Corpo de Bombeiros<\/p>\n<p style=\"text-align: justify;\">\u00b7 Avenida Jo\u00e3o de Barros, 399<\/p>\n<p style=\"text-align: justify;\">Sede da PRF<\/p>\n<p style=\"text-align: justify;\">\u00b7 Avenida Ant\u00f4nio de Goes, 820<\/p>\n<p style=\"text-align: justify;\">Faculdade Est\u00e1cio Recife<\/p>\n<p style=\"text-align: justify;\">\u00b7 Avenida General San Martin, 1449<\/p>\n<p style=\"text-align: justify;\">\u00b7 Rua Padre Bernardino Pessoa,512<\/p>\n<p style=\"text-align: justify;\">\u00b7 Avenida Engenheiro Abdias de Carvalho, 1678<\/p>\n<p style=\"text-align: justify;\">Clube Alem\u00e3o de Pernambuco<\/p>\n<p style=\"text-align: justify;\">\u00b7 Estrada do Encanamento, 216<\/p>\n<p style=\"text-align: justify;\">Sede da A\u00e7\u00e3o de Cidadania<\/p>\n<p style=\"text-align: justify;\">\u00b7 Parque de Exposi\u00e7\u00e3o de Animais -Avenida Caxang\u00e1, 2200<\/p>\n<p style=\"text-align: justify;\">Unidades do Compaz do Recife<\/p>\n<p style=\"text-align: justify;\">\u00b7 Avenida General San Martin, 1208<\/p>\n<p style=\"text-align: justify;\">\u00b7 Avenida An\u00edbal Ben\u00e9volo, S\/N<\/p>\n<p style=\"text-align: justify;\">Sede da OAB PE<\/p>\n<p style=\"text-align: justify;\">\u00b7 Rua Marqu\u00eas do Recife &#8211; Santo Ant\u00f4nio<\/p>\n<p style=\"text-align: justify;\">Caixa Cultural Recife<\/p>\n<p style=\"text-align: justify;\">\u00b7 Avenida Alfredo Lisboa, 505<\/p>\n<p style=\"text-align: justify;\">Shopping Tacaruna (novembro e dezembro)<\/p>\n<p style=\"text-align: justify;\">Shopping RioMar Recife (novembro e dezembro)<\/p>\n<p style=\"text-align: justify;\">*Olinda*<br \/>\n\u00b7 Sede da Prefeitura de Olinda &#8211; Rua de S\u00e3o Bento, 123<\/p>\n","protected":false},"excerpt":{"rendered":"<p>A Prefeitura de Caruaru ser\u00e1 parceira da inciativa que visa distribuir alimentos para pessoas em situa\u00e7\u00e3o de vulnerabilidade social em&hellip;<\/p>\n","protected":false},"author":1,"featured_media":47953,"comment_status":"open","ping_status":"open","sticky":false,"template":"","format":"standard","meta":{"footnotes":""},"categories":[14120],"tags":[2],"class_list":["post-47952","post","type-post","status-publish","format-standard","has-post-thumbnail","hentry","category-noticias","tag-blog-do-edvaldo-magalhaes"],"_links":{"self":[{"href":"https:\/\/blogdoedvaldomagalhaes.com.br\/index.php\/wp-json\/wp\/v2\/posts\/47952","targetHints":{"allow":["GET"]}}],"collection":[{"href":"https:\/\/blogdoedvaldomagalhaes.com.br\/index.php\/wp-json\/wp\/v2\/posts"}],"about":[{"href":"https:\/\/blogdoedvaldomagalhaes.com.br\/index.php\/wp-json\/wp\/v2\/types\/post"}],"author":[{"embeddable":true,"href":"https:\/\/blogdoedvaldomagalhaes.com.br\/index.php\/wp-json\/wp\/v2\/users\/1"}],"replies":[{"embeddable":true,"href":"https:\/\/blogdoedvaldomagalhaes.com.br\/index.php\/wp-json\/wp\/v2\/comments?post=47952"}],"version-history":[{"count":1,"href":"https:\/\/blogdoedvaldomagalhaes.com.br\/index.php\/wp-json\/wp\/v2\/posts\/47952\/revisions"}],"predecessor-version":[{"id":47954,"href":"https:\/\/blogdoedvaldomagalhaes.com.br\/index.php\/wp-json\/wp\/v2\/posts\/47952\/revisions\/47954"}],"wp:featuredmedia":[{"embeddable":true,"href":"https:\/\/blogdoedvaldomagalhaes.com.br\/index.php\/wp-json\/wp\/v2\/media\/47953"}],"wp:attachment":[{"href":"https:\/\/blogdoedvaldomagalhaes.com.br\/index.php\/wp-json\/wp\/v2\/media?parent=47952"}],"wp:term":[{"taxonomy":"category","embeddable":true,"href":"https:\/\/blogdoedvaldomagalhaes.com.br\/index.php\/wp-json\/wp\/v2\/categories?post=47952"},{"taxonomy":"post_tag","embeddable":true,"href":"https:\/\/blogdoedvaldomagalhaes.com.br\/index.php\/wp-json\/wp\/v2\/tags?post=47952"}],"curies":[{"name":"wp","href":"https:\/\/api.w.org\/{rel}","templated":true}]}}