{"id":47947,"date":"2019-10-31T21:11:06","date_gmt":"2019-11-01T00:11:06","guid":{"rendered":"http:\/\/blogdoedvaldomagalhaes.com.br\/?p=47947"},"modified":"2019-10-31T21:11:10","modified_gmt":"2019-11-01T00:11:10","slug":"tony-gel-tem-encontro-com-a-presidente-da-compesa-e-a-secretaria-de-infraestrutura-e-recursos-sobre-abastecimento-de-agua-em-caruaru-e-no-agreste","status":"publish","type":"post","link":"https:\/\/blogdoedvaldomagalhaes.com.br\/index.php\/2019\/10\/31\/tony-gel-tem-encontro-com-a-presidente-da-compesa-e-a-secretaria-de-infraestrutura-e-recursos-sobre-abastecimento-de-agua-em-caruaru-e-no-agreste\/","title":{"rendered":"Tony Gel tem encontro com a presidente da Compesa e a Secret\u00e1ria de Infraestrutura e Recursos sobre abastecimento de \u00e1gua em Caruaru e no Agreste"},"content":{"rendered":"<p style=\"text-align: justify;\">O Deputado Estadual Tony Gel (MDB), se reuniu nessa quinta-feira (30), com a presidente da Compesa, Manuela Marinho e com a Secret\u00e1ria de Infraestrutura e Recursos H\u00eddricos do Estado, Fernanda Batista. Em pauta, assuntos relacionados ao abastecimento de \u00e1gua em Caruaru (cidade e zona rural), como tamb\u00e9m das cidades de Riacho das Almas, Toritama, Frei Miguelinho e Vertente do L\u00e9rio.<\/p>\n<p style=\"text-align: justify;\">No encontro, Tony Gel pediu para que esfor\u00e7os continuem sendo realizados no sentido de garantir o abastecimento d&#8217;\u00e1gua nas cidades citadas, mesmo diante das dificuldades e da pouca \u00e1gua nos reservat\u00f3rios.<\/p>\n<p style=\"text-align: justify;\">O parlamentar destacou tamb\u00e9m a import\u00e2ncia do estado permanecer realizando os investimentos que est\u00e3o sendo feitos em obras de fundamental import\u00e2ncia como a constru\u00e7\u00e3o da adutora de Serro Azul, que refor\u00e7ar\u00e1 o abastecimento d&#8217;\u00e1gua em Caruaru e outras cidades.<\/p>\n\n\n<figure class=\"wp-block-image\"><img loading=\"lazy\" decoding=\"async\" width=\"1024\" height=\"974\" src=\"http:\/\/blogdoedvaldomagalhaes.com.br\/wp-content\/uploads\/2019\/10\/IMG-20191031-WA0336-1024x974.jpg\" alt=\"\" class=\"wp-image-47949\" srcset=\"https:\/\/blogdoedvaldomagalhaes.com.br\/wp-content\/uploads\/2019\/10\/IMG-20191031-WA0336-1024x974.jpg 1024w, https:\/\/blogdoedvaldomagalhaes.com.br\/wp-content\/uploads\/2019\/10\/IMG-20191031-WA0336-300x285.jpg 300w, https:\/\/blogdoedvaldomagalhaes.com.br\/wp-content\/uploads\/2019\/10\/IMG-20191031-WA0336-768x730.jpg 768w, https:\/\/blogdoedvaldomagalhaes.com.br\/wp-content\/uploads\/2019\/10\/IMG-20191031-WA0336.jpg 1080w\" sizes=\"auto, (max-width: 1024px) 100vw, 1024px\" \/><figcaption>Fotos: Divulga\u00e7\u00e3o <\/figcaption><\/figure>\n","protected":false},"excerpt":{"rendered":"<p>O Deputado Estadual Tony Gel (MDB), se reuniu nessa quinta-feira (30), com a presidente da Compesa, Manuela Marinho e com&hellip;<\/p>\n","protected":false},"author":1,"featured_media":47948,"comment_status":"open","ping_status":"open","sticky":false,"template":"","format":"standard","meta":{"footnotes":""},"categories":[14122],"tags":[2,16509],"class_list":["post-47947","post","type-post","status-publish","format-standard","has-post-thumbnail","hentry","category-politica","tag-blog-do-edvaldo-magalhaes","tag-tony-gel-tem-encontro-com-a-presidente-da-compesa-e-a-secretaria-de-infraestrutura-e-recursos-sobre-abastecimento-de-agua-em-caruaru-e-no-agreste"],"_links":{"self":[{"href":"https:\/\/blogdoedvaldomagalhaes.com.br\/index.php\/wp-json\/wp\/v2\/posts\/47947","targetHints":{"allow":["GET"]}}],"collection":[{"href":"https:\/\/blogdoedvaldomagalhaes.com.br\/index.php\/wp-json\/wp\/v2\/posts"}],"about":[{"href":"https:\/\/blogdoedvaldomagalhaes.com.br\/index.php\/wp-json\/wp\/v2\/types\/post"}],"author":[{"embeddable":true,"href":"https:\/\/blogdoedvaldomagalhaes.com.br\/index.php\/wp-json\/wp\/v2\/users\/1"}],"replies":[{"embeddable":true,"href":"https:\/\/blogdoedvaldomagalhaes.com.br\/index.php\/wp-json\/wp\/v2\/comments?post=47947"}],"version-history":[{"count":1,"href":"https:\/\/blogdoedvaldomagalhaes.com.br\/index.php\/wp-json\/wp\/v2\/posts\/47947\/revisions"}],"predecessor-version":[{"id":47950,"href":"https:\/\/blogdoedvaldomagalhaes.com.br\/index.php\/wp-json\/wp\/v2\/posts\/47947\/revisions\/47950"}],"wp:featuredmedia":[{"embeddable":true,"href":"https:\/\/blogdoedvaldomagalhaes.com.br\/index.php\/wp-json\/wp\/v2\/media\/47948"}],"wp:attachment":[{"href":"https:\/\/blogdoedvaldomagalhaes.com.br\/index.php\/wp-json\/wp\/v2\/media?parent=47947"}],"wp:term":[{"taxonomy":"category","embeddable":true,"href":"https:\/\/blogdoedvaldomagalhaes.com.br\/index.php\/wp-json\/wp\/v2\/categories?post=47947"},{"taxonomy":"post_tag","embeddable":true,"href":"https:\/\/blogdoedvaldomagalhaes.com.br\/index.php\/wp-json\/wp\/v2\/tags?post=47947"}],"curies":[{"name":"wp","href":"https:\/\/api.w.org\/{rel}","templated":true}]}}