{"id":47942,"date":"2019-10-31T20:17:02","date_gmt":"2019-10-31T23:17:02","guid":{"rendered":"http:\/\/blogdoedvaldomagalhaes.com.br\/?p=47942"},"modified":"2019-10-31T20:17:05","modified_gmt":"2019-10-31T23:17:05","slug":"confira-o-horario-de-funcionamento-dos-espacos-do-comercio-na-praca","status":"publish","type":"post","link":"https:\/\/blogdoedvaldomagalhaes.com.br\/index.php\/2019\/10\/31\/confira-o-horario-de-funcionamento-dos-espacos-do-comercio-na-praca\/","title":{"rendered":"Confira o hor\u00e1rio de funcionamento dos espa\u00e7os do Com\u00e9rcio na Pra\u00e7a"},"content":{"rendered":"<p style=\"text-align: justify;\"><span style=\"font-size: inherit;\">A Prefeitura de Caruaru informa que os ambulantes que v\u00e3o come\u00e7ar a trabalhar, nesta sexta-feira (1\u00ba), nos espa\u00e7os do projeto Com\u00e9rcio na Pra\u00e7a, dever\u00e3o estar fardados, com termo de contrato e documento com foto. Os vendedores ter\u00e3o bancos padronizados e devem levar apenas as mercadorias que ser\u00e3o comercializadas no local. Neste primeiro dia de funcionamento, servidores da prefeitura estar\u00e3o nos espa\u00e7os orientando os comerciantes.<\/span><\/p>\n<p style=\"text-align: justify;\">Os locais comerciais no Largo dos Guararapes e Pra\u00e7a Leoc\u00e1dio Porto estar\u00e3o funcionando a partir das 6h, encerrando as atividades \u00e0s 18h. J\u00e1 o do Largo da Concei\u00e7\u00e3o funcionar\u00e1 das 6h \u00e0s 14h e 15h \u00e0s 22h. O projeto faz parte da requalifica\u00e7\u00e3o do centro da cidade e vai oferecer uma melhor estrutura, melhores condi\u00e7\u00f5es de trabalho aos vendedores e mais seguran\u00e7a, com videomonitoramento 24 horas.<\/p>\n","protected":false},"excerpt":{"rendered":"<p>A Prefeitura de Caruaru informa que os ambulantes que v\u00e3o come\u00e7ar a trabalhar, nesta sexta-feira (1\u00ba), nos espa\u00e7os do projeto&hellip;<\/p>\n","protected":false},"author":1,"featured_media":47886,"comment_status":"open","ping_status":"open","sticky":false,"template":"","format":"standard","meta":{"footnotes":""},"categories":[14120],"tags":[2,16508],"class_list":["post-47942","post","type-post","status-publish","format-standard","has-post-thumbnail","hentry","category-noticias","tag-blog-do-edvaldo-magalhaes","tag-confira-o-horario-de-funcionamento-dos-espacos-do-comercio-na-praca"],"_links":{"self":[{"href":"https:\/\/blogdoedvaldomagalhaes.com.br\/index.php\/wp-json\/wp\/v2\/posts\/47942","targetHints":{"allow":["GET"]}}],"collection":[{"href":"https:\/\/blogdoedvaldomagalhaes.com.br\/index.php\/wp-json\/wp\/v2\/posts"}],"about":[{"href":"https:\/\/blogdoedvaldomagalhaes.com.br\/index.php\/wp-json\/wp\/v2\/types\/post"}],"author":[{"embeddable":true,"href":"https:\/\/blogdoedvaldomagalhaes.com.br\/index.php\/wp-json\/wp\/v2\/users\/1"}],"replies":[{"embeddable":true,"href":"https:\/\/blogdoedvaldomagalhaes.com.br\/index.php\/wp-json\/wp\/v2\/comments?post=47942"}],"version-history":[{"count":1,"href":"https:\/\/blogdoedvaldomagalhaes.com.br\/index.php\/wp-json\/wp\/v2\/posts\/47942\/revisions"}],"predecessor-version":[{"id":47943,"href":"https:\/\/blogdoedvaldomagalhaes.com.br\/index.php\/wp-json\/wp\/v2\/posts\/47942\/revisions\/47943"}],"wp:featuredmedia":[{"embeddable":true,"href":"https:\/\/blogdoedvaldomagalhaes.com.br\/index.php\/wp-json\/wp\/v2\/media\/47886"}],"wp:attachment":[{"href":"https:\/\/blogdoedvaldomagalhaes.com.br\/index.php\/wp-json\/wp\/v2\/media?parent=47942"}],"wp:term":[{"taxonomy":"category","embeddable":true,"href":"https:\/\/blogdoedvaldomagalhaes.com.br\/index.php\/wp-json\/wp\/v2\/categories?post=47942"},{"taxonomy":"post_tag","embeddable":true,"href":"https:\/\/blogdoedvaldomagalhaes.com.br\/index.php\/wp-json\/wp\/v2\/tags?post=47942"}],"curies":[{"name":"wp","href":"https:\/\/api.w.org\/{rel}","templated":true}]}}