{"id":47939,"date":"2019-10-31T20:05:18","date_gmt":"2019-10-31T23:05:18","guid":{"rendered":"http:\/\/blogdoedvaldomagalhaes.com.br\/?p=47939"},"modified":"2019-10-31T20:05:20","modified_gmt":"2019-10-31T23:05:20","slug":"compesa-altera-fornecimento-de-agua-para-os-municipios-atendidos-pelo-sistema-jucazinho","status":"publish","type":"post","link":"https:\/\/blogdoedvaldomagalhaes.com.br\/index.php\/2019\/10\/31\/compesa-altera-fornecimento-de-agua-para-os-municipios-atendidos-pelo-sistema-jucazinho\/","title":{"rendered":"Compesa altera fornecimento de \u00e1gua para os munic\u00edpios atendidos pelo Sistema Jucazinho"},"content":{"rendered":"<p style=\"text-align: justify;\"><span style=\"font-size: inherit;\">A partir da pr\u00f3xima segunda-feira (04), os onze munic\u00edpios atendidos pelo Sistema Jucazinho ter\u00e3o ajustes no fornecimento de \u00e1gua, quando passar\u00e1 a ser abastecida apenas as \u00e1reas urbanas destas localidades que permanecer\u00e1 com o calend\u00e1rio de tr\u00eas dias com \u00e1gua e 27 sem. A medida foi a alternativa encontrada pela Compesa para prolongar a capta\u00e7\u00e3o de \u00e1gua no manancial at\u00e9 maio do ano que vem. \u201cEsperamos que at\u00e9 l\u00e1 ocorram chuvas na regi\u00e3o e o manancial acumule \u00e1gua. Ao mesmo tempo, estamos com as obras estruturadoras em andamento, a exemplo da Adutora do Alto Capibaribe, Adutora do Agreste e Adutora de Serro Azul\u201d, explica o diretor de Interior da Compesa, Marconi Azevedo.<\/span><\/p>\n<p style=\"text-align: justify;\">A barragem de Jucazinho tem capacidade para armazenar 204 milh\u00f5es de metros c\u00fabicos de \u00e1gua, e atualmente registra apenas 3,8 milh\u00f5es de metros c\u00fabicos. Para captar \u00e1gua do volume morto, a Compesa concluiu a instala\u00e7\u00e3o de uma balsa flutuante, \u00fanico m\u00e9todo capaz de captar \u00e1gua a este n\u00edvel e transportar para a Esta\u00e7\u00e3o de Tratamento. S\u00e3o atendidos pelo Sistema, os munic\u00edpios de Toritama, Frei Miguelinho, Vertentes, Vertente do L\u00e9rio, Santa Maria do Cambuc\u00e1, Passira, Cumaru, Riacho das Almas, Surubim, Casinhas e Salgadinho.<\/p>\n<p>Foto: Arquivo\/Blog do Edvaldo Magalh\u00e3es.<\/p>\n","protected":false},"excerpt":{"rendered":"<p>A partir da pr\u00f3xima segunda-feira (04), os onze munic\u00edpios atendidos pelo Sistema Jucazinho ter\u00e3o ajustes no fornecimento de \u00e1gua, quando&hellip;<\/p>\n","protected":false},"author":1,"featured_media":47940,"comment_status":"open","ping_status":"open","sticky":false,"template":"","format":"standard","meta":{"footnotes":""},"categories":[14120],"tags":[2,16507],"class_list":["post-47939","post","type-post","status-publish","format-standard","has-post-thumbnail","hentry","category-noticias","tag-blog-do-edvaldo-magalhaes","tag-compesa-altera-fornecimento-de-agua-para-os-municipios-atendidos-pelo-sistema-jucazinho"],"_links":{"self":[{"href":"https:\/\/blogdoedvaldomagalhaes.com.br\/index.php\/wp-json\/wp\/v2\/posts\/47939","targetHints":{"allow":["GET"]}}],"collection":[{"href":"https:\/\/blogdoedvaldomagalhaes.com.br\/index.php\/wp-json\/wp\/v2\/posts"}],"about":[{"href":"https:\/\/blogdoedvaldomagalhaes.com.br\/index.php\/wp-json\/wp\/v2\/types\/post"}],"author":[{"embeddable":true,"href":"https:\/\/blogdoedvaldomagalhaes.com.br\/index.php\/wp-json\/wp\/v2\/users\/1"}],"replies":[{"embeddable":true,"href":"https:\/\/blogdoedvaldomagalhaes.com.br\/index.php\/wp-json\/wp\/v2\/comments?post=47939"}],"version-history":[{"count":1,"href":"https:\/\/blogdoedvaldomagalhaes.com.br\/index.php\/wp-json\/wp\/v2\/posts\/47939\/revisions"}],"predecessor-version":[{"id":47941,"href":"https:\/\/blogdoedvaldomagalhaes.com.br\/index.php\/wp-json\/wp\/v2\/posts\/47939\/revisions\/47941"}],"wp:featuredmedia":[{"embeddable":true,"href":"https:\/\/blogdoedvaldomagalhaes.com.br\/index.php\/wp-json\/wp\/v2\/media\/47940"}],"wp:attachment":[{"href":"https:\/\/blogdoedvaldomagalhaes.com.br\/index.php\/wp-json\/wp\/v2\/media?parent=47939"}],"wp:term":[{"taxonomy":"category","embeddable":true,"href":"https:\/\/blogdoedvaldomagalhaes.com.br\/index.php\/wp-json\/wp\/v2\/categories?post=47939"},{"taxonomy":"post_tag","embeddable":true,"href":"https:\/\/blogdoedvaldomagalhaes.com.br\/index.php\/wp-json\/wp\/v2\/tags?post=47939"}],"curies":[{"name":"wp","href":"https:\/\/api.w.org\/{rel}","templated":true}]}}