{"id":47932,"date":"2019-10-31T19:34:55","date_gmt":"2019-10-31T22:34:55","guid":{"rendered":"http:\/\/blogdoedvaldomagalhaes.com.br\/?p=47932"},"modified":"2019-11-07T21:04:23","modified_gmt":"2019-11-08T00:04:23","slug":"confira-o-que-abre-e-fecha-no-feriado-de-finados-em-caruaru","status":"publish","type":"post","link":"https:\/\/blogdoedvaldomagalhaes.com.br\/index.php\/2019\/10\/31\/confira-o-que-abre-e-fecha-no-feriado-de-finados-em-caruaru\/","title":{"rendered":"Confira o que abre e fecha no feriado de Finados em Caruaru"},"content":{"rendered":"<p style=\"text-align: justify;\"><span style=\"font-size: inherit;\">Em virtude do feriado do dia de finados, no dia 2 de novembro, a Prefeitura de Caruaru informa que n\u00e3o haver\u00e1 expediente interno, retornando \u00e0s atividades na segunda-feira (04).<\/span><\/p>\n<p style=\"text-align: justify;\">Sa\u00fade: UPAS ficam abertas 24h normalmente. Hospitais e Samu funcionam normalmente.<\/p>\n<p style=\"text-align: justify;\">Servi\u00e7os P\u00fablicos: A coleta domiciliar ser\u00e1 normal na cidade.<\/p>\n<p style=\"text-align: justify;\">Lazer: O espa\u00e7o de lazer vai funcionar das 6h \u00e0s 14h, neste s\u00e1bado (02). Os\u00a0parques ambientais estar\u00e3o abertos de acordo com seus hor\u00e1rios habituais, fechando na segunda-feira (04) para manuten\u00e7\u00e3o.<\/p>\n<p style=\"text-align: justify;\">Secretaria de Desenvolvimento Social e Direitos Humanos: Servi\u00e7os de urg\u00eancia (como aux\u00edlio-funer\u00e1rio) funcionar\u00e3o normalmente.<\/p>\n<p style=\"text-align: justify;\">Cultura: Os museus da cidade estar\u00e3o fechados neste s\u00e1bado (02), retornando \u00e0s atividades no domingo (03), das 9h \u00e0s 13h.<\/p>\n<div class=\"wall protected-content\">\n<div class=\"mc-column content-text active-extra-styles \" style=\"text-align: justify;\" data-block-type=\"unstyled\" data-block-weight=\"29\" data-block-id=\"3\">\n<p class=\"content-text__container \" data-track-category=\"Link no Texto\" data-track-links=\"\">As ag\u00eancias dos Correios, e bancos n\u00e3o funcionar\u00e3o. Lojas do com\u00e9rcio do Centro estar\u00e3o fechadas.<\/p>\n<\/div>\n<div class=\"mc-column content-text active-extra-styles \" style=\"text-align: justify;\" data-block-type=\"unstyled\" data-block-weight=\"16\" data-block-id=\"4\">\n<p class=\"content-text__container \" data-track-category=\"Link no Texto\" data-track-links=\"\">As ag\u00eancias banc\u00e1rias n\u00e3o ir\u00e3o funcionar e retornar\u00e3o com os atendimentos normais na segunda-feira (04).<\/p>\n<\/div>\n<div class=\"mc-column content-text active-extra-styles \" style=\"text-align: justify;\" data-block-type=\"unstyled\" data-block-weight=\"6\" data-block-id=\"5\">\n<p class=\"content-text__container \" data-track-category=\"Link no Texto\" data-track-links=\"\">N\u00e3o haver\u00e1 expediente nos Correios.<\/p>\n<\/div>\n<div class=\"mc-column content-text active-extra-styles \" style=\"text-align: justify;\" data-block-type=\"unstyled\" data-block-weight=\"51\" data-block-id=\"6\">\n<p class=\"content-text__container \" data-track-category=\"Link no Texto\" data-track-links=\"\">No Caruaru Shopping, as lojas \u00e2ncoras e sat\u00e9lites funcionar\u00e3o das 10h \u00e0s 20h. A pra\u00e7a de alimenta\u00e7\u00e3o e lazer funcionar\u00e1 das 11h \u00e0s 21h; o Big Bompre\u00e7o, das 9h \u00e0s 21h; e a academia, das 9h \u00e0s 15h. O cinema estar\u00e1 aberto conforme hor\u00e1rios das sess\u00f5es.<\/p>\n<\/div>\n<div class=\"mc-column content-text active-extra-styles \" style=\"text-align: justify;\" data-block-type=\"unstyled\" data-block-weight=\"40\" data-block-id=\"7\">\n<p class=\"content-text__container \" data-track-category=\"Link no Texto\" data-track-links=\"\">J\u00e1 no Shopping Difusora, as lojas e quiosques v\u00e3o funcionar das 11h \u00e0s 20h. As pra\u00e7as de alimenta\u00e7\u00e3o do primeiro, segundo e terceiro pisos estar\u00e3o funcionando das 11h \u00e0s 21h. O cinema funciona de acordo com os hor\u00e1rios dos filmes.<\/p>\n<\/div>\n<div class=\"mc-column content-text active-extra-styles \" data-block-type=\"unstyled\" data-block-weight=\"22\" data-block-id=\"8\">\n<p class=\"content-text__container \" style=\"text-align: justify;\" data-track-category=\"Link no Texto\" data-track-links=\"\">A F\u00e1brica da Moda estar\u00e1 fechada e volta a funcionar na segunda-feira (04).<\/p>\n<p style=\"text-align: justify;\" data-track-category=\"Link no Texto\" data-track-links=\"\">Detran: As ag\u00eancias do Departamento Estadual de Tr\u00e2nsito (Detran-PE) n\u00e3o ter\u00e3o atendimento.<\/p>\n<\/div>\n<\/div>\n","protected":false},"excerpt":{"rendered":"<p>Em virtude do feriado do dia de finados, no dia 2 de novembro, a Prefeitura de Caruaru informa que n\u00e3o&hellip;<\/p>\n","protected":false},"author":1,"featured_media":47933,"comment_status":"open","ping_status":"open","sticky":false,"template":"","format":"standard","meta":{"footnotes":""},"categories":[14120],"tags":[2,16506],"class_list":["post-47932","post","type-post","status-publish","format-standard","has-post-thumbnail","hentry","category-noticias","tag-blog-do-edvaldo-magalhaes","tag-confira-o-que-abre-e-fecha-no-feriado-de-finados-em-caruaru"],"_links":{"self":[{"href":"https:\/\/blogdoedvaldomagalhaes.com.br\/index.php\/wp-json\/wp\/v2\/posts\/47932","targetHints":{"allow":["GET"]}}],"collection":[{"href":"https:\/\/blogdoedvaldomagalhaes.com.br\/index.php\/wp-json\/wp\/v2\/posts"}],"about":[{"href":"https:\/\/blogdoedvaldomagalhaes.com.br\/index.php\/wp-json\/wp\/v2\/types\/post"}],"author":[{"embeddable":true,"href":"https:\/\/blogdoedvaldomagalhaes.com.br\/index.php\/wp-json\/wp\/v2\/users\/1"}],"replies":[{"embeddable":true,"href":"https:\/\/blogdoedvaldomagalhaes.com.br\/index.php\/wp-json\/wp\/v2\/comments?post=47932"}],"version-history":[{"count":7,"href":"https:\/\/blogdoedvaldomagalhaes.com.br\/index.php\/wp-json\/wp\/v2\/posts\/47932\/revisions"}],"predecessor-version":[{"id":48157,"href":"https:\/\/blogdoedvaldomagalhaes.com.br\/index.php\/wp-json\/wp\/v2\/posts\/47932\/revisions\/48157"}],"wp:featuredmedia":[{"embeddable":true,"href":"https:\/\/blogdoedvaldomagalhaes.com.br\/index.php\/wp-json\/wp\/v2\/media\/47933"}],"wp:attachment":[{"href":"https:\/\/blogdoedvaldomagalhaes.com.br\/index.php\/wp-json\/wp\/v2\/media?parent=47932"}],"wp:term":[{"taxonomy":"category","embeddable":true,"href":"https:\/\/blogdoedvaldomagalhaes.com.br\/index.php\/wp-json\/wp\/v2\/categories?post=47932"},{"taxonomy":"post_tag","embeddable":true,"href":"https:\/\/blogdoedvaldomagalhaes.com.br\/index.php\/wp-json\/wp\/v2\/tags?post=47932"}],"curies":[{"name":"wp","href":"https:\/\/api.w.org\/{rel}","templated":true}]}}