{"id":47929,"date":"2019-10-31T07:48:55","date_gmt":"2019-10-31T10:48:55","guid":{"rendered":"http:\/\/blogdoedvaldomagalhaes.com.br\/?p=47929"},"modified":"2019-10-31T07:48:58","modified_gmt":"2019-10-31T10:48:58","slug":"raffie-fara-palestra-em-encontro-estadual-da-juventude-do-psd","status":"publish","type":"post","link":"https:\/\/blogdoedvaldomagalhaes.com.br\/index.php\/2019\/10\/31\/raffie-fara-palestra-em-encontro-estadual-da-juventude-do-psd\/","title":{"rendered":"Raffi\u00ea far\u00e1 palestra em Encontro Estadual da Juventude do PSD"},"content":{"rendered":"<p style=\"text-align: justify;\"><span style=\"font-size: inherit;\">O PSD de Pernambuco, sob a Presid\u00eancia do Deputado Federal Andr\u00e9 de Paula far\u00e1 nesta quinta-feira, na Sede Estadual do partido, localizada na Avenida Domingos Ferreira, em Boa Viagem, na capital pernambucana, o encontro estadual da sua juventude.<\/span><\/p>\n<p style=\"text-align: justify;\">Um dos palestrantes ser\u00e1 o presidente do PSD Caruaru, Raffi\u00ea Dellon, que \u00e9 pr\u00e9-candidato \u00e0 Prefeitura de Caruaru pela legenda. Os outros dois palestrantes ser\u00e3o o pr\u00f3prio deputado Andr\u00e9 de Paula e o deputado estadual e vice-presidente do PSD Estadual, Joaquim Lira.<\/p>\n<p style=\"text-align: justify;\">A Juventude do PSD em Pernambuco \u00e9 presidida por um caruaruense, o jovem Gustavo Barbosa, que est\u00e1 na organiza\u00e7\u00e3o do evento.<\/p>\n","protected":false},"excerpt":{"rendered":"<p>O PSD de Pernambuco, sob a Presid\u00eancia do Deputado Federal Andr\u00e9 de Paula far\u00e1 nesta quinta-feira, na Sede Estadual do&hellip;<\/p>\n","protected":false},"author":1,"featured_media":47930,"comment_status":"open","ping_status":"open","sticky":false,"template":"","format":"standard","meta":{"footnotes":""},"categories":[14122],"tags":[2,16505],"class_list":["post-47929","post","type-post","status-publish","format-standard","has-post-thumbnail","hentry","category-politica","tag-blog-do-edvaldo-magalhaes","tag-raffie-fara-palestra-em-encontro-estadual-da-juventude-do-psd"],"_links":{"self":[{"href":"https:\/\/blogdoedvaldomagalhaes.com.br\/index.php\/wp-json\/wp\/v2\/posts\/47929","targetHints":{"allow":["GET"]}}],"collection":[{"href":"https:\/\/blogdoedvaldomagalhaes.com.br\/index.php\/wp-json\/wp\/v2\/posts"}],"about":[{"href":"https:\/\/blogdoedvaldomagalhaes.com.br\/index.php\/wp-json\/wp\/v2\/types\/post"}],"author":[{"embeddable":true,"href":"https:\/\/blogdoedvaldomagalhaes.com.br\/index.php\/wp-json\/wp\/v2\/users\/1"}],"replies":[{"embeddable":true,"href":"https:\/\/blogdoedvaldomagalhaes.com.br\/index.php\/wp-json\/wp\/v2\/comments?post=47929"}],"version-history":[{"count":1,"href":"https:\/\/blogdoedvaldomagalhaes.com.br\/index.php\/wp-json\/wp\/v2\/posts\/47929\/revisions"}],"predecessor-version":[{"id":47931,"href":"https:\/\/blogdoedvaldomagalhaes.com.br\/index.php\/wp-json\/wp\/v2\/posts\/47929\/revisions\/47931"}],"wp:featuredmedia":[{"embeddable":true,"href":"https:\/\/blogdoedvaldomagalhaes.com.br\/index.php\/wp-json\/wp\/v2\/media\/47930"}],"wp:attachment":[{"href":"https:\/\/blogdoedvaldomagalhaes.com.br\/index.php\/wp-json\/wp\/v2\/media?parent=47929"}],"wp:term":[{"taxonomy":"category","embeddable":true,"href":"https:\/\/blogdoedvaldomagalhaes.com.br\/index.php\/wp-json\/wp\/v2\/categories?post=47929"},{"taxonomy":"post_tag","embeddable":true,"href":"https:\/\/blogdoedvaldomagalhaes.com.br\/index.php\/wp-json\/wp\/v2\/tags?post=47929"}],"curies":[{"name":"wp","href":"https:\/\/api.w.org\/{rel}","templated":true}]}}