{"id":47925,"date":"2019-10-30T20:59:51","date_gmt":"2019-10-30T23:59:51","guid":{"rendered":"http:\/\/blogdoedvaldomagalhaes.com.br\/?p=47925"},"modified":"2019-10-30T20:59:53","modified_gmt":"2019-10-30T23:59:53","slug":"pre-candidatos-se-reunem-visando-as-eleicoes-de-2020-em-caruaru","status":"publish","type":"post","link":"https:\/\/blogdoedvaldomagalhaes.com.br\/index.php\/2019\/10\/30\/pre-candidatos-se-reunem-visando-as-eleicoes-de-2020-em-caruaru\/","title":{"rendered":"Pr\u00e9-candidatos se re\u00fanem visando as elei\u00e7\u00f5es de 2020 em Caruaru"},"content":{"rendered":"<p style=\"text-align: justify;\">Na noite dessa ter\u00e7a feira (29), 38 pr\u00e9- candidatos, sendo 13 mulheres e 25 homens se reuniram e iniciaram o planejamento eleitoral visando as elei\u00e7\u00f5es de 2020.<\/p>\n<p style=\"text-align: justify;\">Entre os participantes nomes conhecidos da pol\u00edtica de Caruaru , como Jorge Casagrande que recentemente se reelegeu conselheiro Tutelar com quase 1 mil votos, Felipe de Cachoeira Seca, Audir Luiz que tamb\u00e9m se reelegeu Conselhoro Tutelar com aproximadamente 1.500 votos, Roberto Disney , o Pastor Paulo Curi, Alvino, Rosely da Sa\u00fade, Rolnei Tosi que j\u00e1 foi superintendente do INSS no Nordeste e \u00e9 servidor de Carreira do \u00f3rg\u00e3o, Dj Ronny, Lourinho de Riacho Doce , que h\u00e1 muito tempo militou pelo PCdoB, Delrita do Fernando Lyra e \u00e9 lideran\u00e7a da comunidade e adjac\u00eancias, Vitinho Maia, que foi candidato nas elei\u00e7\u00f5es 2016 e Washington Luiz, formado em Direito e especialista em Direito P\u00fablico pelas ASCES e foi por 2 mandatos Presidente do Diret\u00f3rio Acad\u00eamico de Direito da ASCES\/UNITA entre outros nomes.<\/p>\n<p style=\"text-align: justify;\">O grupo j\u00e1 vem se reunindo h\u00e1 cerca de 1 ano e foi iniciado por Vitinho Maia e Washington Luiz em 2018 e promete vir com uma proposta diferente e com total transpar\u00eancia das inten\u00e7\u00f5es na disputa pelas vagas na Casa Jornalista Jos\u00e9 Carlos Flor\u00eancio, se fala em eleger 2 vereadores pelo m\u00e9dia dos que j\u00e1 foram testados nas urnas e est\u00e3o no grupo.<\/p>\n\n\n<figure class=\"wp-block-image\"><img loading=\"lazy\" decoding=\"async\" width=\"1024\" height=\"768\" src=\"http:\/\/blogdoedvaldomagalhaes.com.br\/wp-content\/uploads\/2019\/10\/IMG-20191030-WA0089-1024x768.jpg\" alt=\"\" class=\"wp-image-47927\" srcset=\"https:\/\/blogdoedvaldomagalhaes.com.br\/wp-content\/uploads\/2019\/10\/IMG-20191030-WA0089-1024x768.jpg 1024w, https:\/\/blogdoedvaldomagalhaes.com.br\/wp-content\/uploads\/2019\/10\/IMG-20191030-WA0089-300x225.jpg 300w, https:\/\/blogdoedvaldomagalhaes.com.br\/wp-content\/uploads\/2019\/10\/IMG-20191030-WA0089-768x576.jpg 768w, https:\/\/blogdoedvaldomagalhaes.com.br\/wp-content\/uploads\/2019\/10\/IMG-20191030-WA0089-160x120.jpg 160w, https:\/\/blogdoedvaldomagalhaes.com.br\/wp-content\/uploads\/2019\/10\/IMG-20191030-WA0089.jpg 1280w\" sizes=\"auto, (max-width: 1024px) 100vw, 1024px\" \/><figcaption>Fotos: Divulga\u00e7\u00e3o<\/figcaption><\/figure>\n","protected":false},"excerpt":{"rendered":"<p>Na noite dessa ter\u00e7a feira (29), 38 pr\u00e9- candidatos, sendo 13 mulheres e 25 homens se reuniram e iniciaram o&hellip;<\/p>\n","protected":false},"author":1,"featured_media":47926,"comment_status":"open","ping_status":"open","sticky":false,"template":"","format":"standard","meta":{"footnotes":""},"categories":[14122],"tags":[2,16504],"class_list":["post-47925","post","type-post","status-publish","format-standard","has-post-thumbnail","hentry","category-politica","tag-blog-do-edvaldo-magalhaes","tag-pre-candidatos-se-reunem-visando-as-eleicoes-de-2020-em-caruaru"],"_links":{"self":[{"href":"https:\/\/blogdoedvaldomagalhaes.com.br\/index.php\/wp-json\/wp\/v2\/posts\/47925","targetHints":{"allow":["GET"]}}],"collection":[{"href":"https:\/\/blogdoedvaldomagalhaes.com.br\/index.php\/wp-json\/wp\/v2\/posts"}],"about":[{"href":"https:\/\/blogdoedvaldomagalhaes.com.br\/index.php\/wp-json\/wp\/v2\/types\/post"}],"author":[{"embeddable":true,"href":"https:\/\/blogdoedvaldomagalhaes.com.br\/index.php\/wp-json\/wp\/v2\/users\/1"}],"replies":[{"embeddable":true,"href":"https:\/\/blogdoedvaldomagalhaes.com.br\/index.php\/wp-json\/wp\/v2\/comments?post=47925"}],"version-history":[{"count":1,"href":"https:\/\/blogdoedvaldomagalhaes.com.br\/index.php\/wp-json\/wp\/v2\/posts\/47925\/revisions"}],"predecessor-version":[{"id":47928,"href":"https:\/\/blogdoedvaldomagalhaes.com.br\/index.php\/wp-json\/wp\/v2\/posts\/47925\/revisions\/47928"}],"wp:featuredmedia":[{"embeddable":true,"href":"https:\/\/blogdoedvaldomagalhaes.com.br\/index.php\/wp-json\/wp\/v2\/media\/47926"}],"wp:attachment":[{"href":"https:\/\/blogdoedvaldomagalhaes.com.br\/index.php\/wp-json\/wp\/v2\/media?parent=47925"}],"wp:term":[{"taxonomy":"category","embeddable":true,"href":"https:\/\/blogdoedvaldomagalhaes.com.br\/index.php\/wp-json\/wp\/v2\/categories?post=47925"},{"taxonomy":"post_tag","embeddable":true,"href":"https:\/\/blogdoedvaldomagalhaes.com.br\/index.php\/wp-json\/wp\/v2\/tags?post=47925"}],"curies":[{"name":"wp","href":"https:\/\/api.w.org\/{rel}","templated":true}]}}