{"id":47922,"date":"2019-10-30T20:38:13","date_gmt":"2019-10-30T23:38:13","guid":{"rendered":"http:\/\/blogdoedvaldomagalhaes.com.br\/?p=47922"},"modified":"2019-10-30T20:38:15","modified_gmt":"2019-10-30T23:38:15","slug":"sindloja-orienta-sobre-funcionamento-do-comercio-nos-feriados-de-novembro-confira","status":"publish","type":"post","link":"https:\/\/blogdoedvaldomagalhaes.com.br\/index.php\/2019\/10\/30\/sindloja-orienta-sobre-funcionamento-do-comercio-nos-feriados-de-novembro-confira\/","title":{"rendered":"Sindloja orienta sobre funcionamento do com\u00e9rcio nos feriados de novembro; Confira"},"content":{"rendered":"<p style=\"text-align: justify;\"><span style=\"font-size: inherit;\">O Sindicato dos Lojistas do Com\u00e9rcio de Caruaru (Sindloja) informa que o com\u00e9rcio tradicional e os centros de compras (Caruaru Shopping, Shopping Difusora, F\u00e1brica da Moda e Polo Caruaru) poder\u00e3o praticar jornada de trabalho nos dias 2 e 15 de novembro, feriados de Finados e da Proclama\u00e7\u00e3o da Rep\u00fablica, respectivamente.<\/span><\/p>\n<p style=\"text-align: justify;\">Para funcionar no dia 2 de novembro, os lojistas devem fazer a solicita\u00e7\u00e3o ao Sindloja e ao Sindecc at\u00e9 o dia 30 de outubro, enviando comunicado contendo a rela\u00e7\u00e3o dos empregados que ir\u00e3o trabalhar no feriado, acompanhando as datas das respectivas folgas contempladas no prazo de 30 dias, como consta na Conven\u00e7\u00e3o Coletiva de Trabalho (CCT). J\u00e1 para o dia 15 de novembro, a solicita\u00e7\u00e3o deve ser feita at\u00e9 o dia 12. O procedimento \u00e9 realizado por meio do aplicativo Sindloja Digital.<\/p>\n<p style=\"text-align: justify;\">Ainda de acordo com a CCT, os funcion\u00e1rios que trabalharem neste dia ter\u00e3o ajuda de custo no valor m\u00ednimo de R$ 45; garantia de intervalo de duas horas para refei\u00e7\u00e3o e descanso ou de uma hora com a concess\u00e3o de almo\u00e7o pelo empregador; e vale-transporte ou o equivalente em dinheiro, quando necess\u00e1rio para o empregado. Os vendedores comissionistas receber\u00e3o 20% de acr\u00e9scimo nas comiss\u00f5es, caso n\u00e3o consigam atingir o valor de R$ 45.<\/p>\n<p style=\"text-align: justify;\"><span style=\"font-size: inherit;\">Informa\u00e7\u00f5es: Ira\u00ea Mota\/Assessoria de Comunica\u00e7\u00e3o do Sindloja.<\/span><\/p>\n","protected":false},"excerpt":{"rendered":"<p>O Sindicato dos Lojistas do Com\u00e9rcio de Caruaru (Sindloja) informa que o com\u00e9rcio tradicional e os centros de compras (Caruaru&hellip;<\/p>\n","protected":false},"author":1,"featured_media":47923,"comment_status":"open","ping_status":"open","sticky":false,"template":"","format":"standard","meta":{"footnotes":""},"categories":[14120],"tags":[2,16503],"class_list":["post-47922","post","type-post","status-publish","format-standard","has-post-thumbnail","hentry","category-noticias","tag-blog-do-edvaldo-magalhaes","tag-sindloja-orienta-sobre-funcionamento-do-comercio-nos-feriados-de-novembro"],"_links":{"self":[{"href":"https:\/\/blogdoedvaldomagalhaes.com.br\/index.php\/wp-json\/wp\/v2\/posts\/47922","targetHints":{"allow":["GET"]}}],"collection":[{"href":"https:\/\/blogdoedvaldomagalhaes.com.br\/index.php\/wp-json\/wp\/v2\/posts"}],"about":[{"href":"https:\/\/blogdoedvaldomagalhaes.com.br\/index.php\/wp-json\/wp\/v2\/types\/post"}],"author":[{"embeddable":true,"href":"https:\/\/blogdoedvaldomagalhaes.com.br\/index.php\/wp-json\/wp\/v2\/users\/1"}],"replies":[{"embeddable":true,"href":"https:\/\/blogdoedvaldomagalhaes.com.br\/index.php\/wp-json\/wp\/v2\/comments?post=47922"}],"version-history":[{"count":1,"href":"https:\/\/blogdoedvaldomagalhaes.com.br\/index.php\/wp-json\/wp\/v2\/posts\/47922\/revisions"}],"predecessor-version":[{"id":47924,"href":"https:\/\/blogdoedvaldomagalhaes.com.br\/index.php\/wp-json\/wp\/v2\/posts\/47922\/revisions\/47924"}],"wp:featuredmedia":[{"embeddable":true,"href":"https:\/\/blogdoedvaldomagalhaes.com.br\/index.php\/wp-json\/wp\/v2\/media\/47923"}],"wp:attachment":[{"href":"https:\/\/blogdoedvaldomagalhaes.com.br\/index.php\/wp-json\/wp\/v2\/media?parent=47922"}],"wp:term":[{"taxonomy":"category","embeddable":true,"href":"https:\/\/blogdoedvaldomagalhaes.com.br\/index.php\/wp-json\/wp\/v2\/categories?post=47922"},{"taxonomy":"post_tag","embeddable":true,"href":"https:\/\/blogdoedvaldomagalhaes.com.br\/index.php\/wp-json\/wp\/v2\/tags?post=47922"}],"curies":[{"name":"wp","href":"https:\/\/api.w.org\/{rel}","templated":true}]}}